{"id":11883,"date":"2016-07-10T13:03:52","date_gmt":"2016-07-10T12:03:52","guid":{"rendered":"http:\/\/www.stefanome.it\/blog\/?p=11883"},"modified":"2016-07-12T15:19:57","modified_gmt":"2016-07-12T14:19:57","slug":"non-importa-sai-avevo-judo","status":"publish","type":"post","link":"http:\/\/www.stefanome.it\/blog\/?p=11883","title":{"rendered":"Non importa, sai, avevo judo."},"content":{"rendered":"<p><strong>Alcune annotazioni bio-climatiche stantie.<\/strong> Ormai non piove da circa un mese con temperature che di giorno superano sistematicamente i 30\u00b0, l&#8217;erba si secca e gli alberi messi a dimora negli ultimi anni vanno tenuti sotto controllo perch\u00e8 questa estate arriva dopo un autunno, un inverno ed una primavera siccitosi. Qualche tiglio e qualche pioppo cipressino mostrano stress da caldo, ovvero le foglie pi\u00f9 interne alla chioma vengono sacrificate per risparmiare linfa che viene risucchiata e ridistribuita a beneficio del sistema complessivo.\u00a0 Mi sono inventato tutto ma \u00e8 una ipotesi affascinante e sono convinto che sia proprio cos\u00ec. Nelle ultime 48 ore la temperatura di giorno \u00e8 schizzata a +36\u00b0, il che comporta che dalle ore 11 alle ore 18 io sto in casa al fresco dei +26\u00b0 dei muri spessi. Essere esposto a temperature superiori ai 30\u00b0 fa male al fisico ed al morale, mi irrito e divento nervoso, mi copro di bugne, mi lamento in continuazione, sbaglio i congiuntivi.<\/p>\n<p><strong>Mi si \u00e8 rotto il computer.<\/strong> La cosa pi\u00f9 rimarchevole capitata negli ultimi giorni \u00e8 che mi si \u00e8 fulminato il vecchio laptop in dotazione a Basaluzzo. Era datato per gli standard della moderna tecnologia, ora ho un\u00a0 nuovo laptop. Sticazzi lap, sticazzi top.<\/p>\n<div id=\"attachment_11887\" style=\"width: 650px\" class=\"wp-caption aligncenter\"><img loading=\"lazy\" decoding=\"async\" aria-describedby=\"caption-attachment-11887\" class=\"wp-image-11887 size-full\" src=\"http:\/\/www.stefanome.it\/blog\/wp-content\/uploads\/2016\/07\/tranqui.jpg\" alt=\"tranqui\" width=\"640\" height=\"480\" srcset=\"http:\/\/www.stefanome.it\/blog\/wp-content\/uploads\/2016\/07\/tranqui.jpg 640w, http:\/\/www.stefanome.it\/blog\/wp-content\/uploads\/2016\/07\/tranqui-300x225.jpg 300w\" sizes=\"auto, (max-width: 640px) 100vw, 640px\" \/><p id=\"caption-attachment-11887\" class=\"wp-caption-text\">&#8220;Non rompere il cazzo, aspetta con pazienza che stiamo lavorando per te&#8221;<\/p><\/div>\n<p>Mentre lo accendevo per la prima volta ed esso si autoconfigurava rassicurandomi di tanto in tanto con messaggi tranquillizzanti, immaginavo che il Sistema Mondiale mi avesse gi\u00e0 identificato. &#8220;Ma guarda, Menada ha un nuovo computer&#8221; perch\u00e8 la webcam a mia insaputa mi stava fotografando e mi avevano gi\u00e0 riconosciuto con quel software che calcola la distanza tra gli occhi, la centratura del naso e quanto hai le orecchie a sventola, risolve una integrale e ti dice chi sei e cosa fai nella vita. Il confronto con le mie impronte digitali prese dai tasti sensibili era inequivocabile. Anche l&#8217;analizzatore del fiato camuffato da scheda USB campionava il mio DNA. Sapevano dov&#8217;ero e come ero vestito, la mia scheda personale su Cloud si arricchiva di nuovi elementi. E poi ho innervosito tutti cancellando McAfee preinstallato. Ho letto che l&#8217;antivirus McAfee \u00e8 detestato da molti. In realt\u00e0 cos\u00ec facendo ho istruito il Sistema a mandarmi dei virus micidiali tra qualche tempo.<\/p>\n<div id=\"attachment_11885\" style=\"width: 510px\" class=\"wp-caption aligncenter\"><img loading=\"lazy\" decoding=\"async\" aria-describedby=\"caption-attachment-11885\" class=\"size-full wp-image-11885\" src=\"http:\/\/www.stefanome.it\/blog\/wp-content\/uploads\/2016\/07\/faceb.jpg\" alt=\"Questa foto \u00e8 stata pubblicata su Facebook.\" width=\"500\" height=\"375\" srcset=\"http:\/\/www.stefanome.it\/blog\/wp-content\/uploads\/2016\/07\/faceb.jpg 500w, http:\/\/www.stefanome.it\/blog\/wp-content\/uploads\/2016\/07\/faceb-300x225.jpg 300w\" sizes=\"auto, (max-width: 500px) 100vw, 500px\" \/><p id=\"caption-attachment-11885\" class=\"wp-caption-text\">Questa foto \u00e8 stata pubblicata su Facebook. Ho ricevuto un Like dell&#8217;associazione Facce da Culo Basso Piemonte.<\/p><\/div>\n<p><strong>Ho amici stranieri poco informatizzati.<\/strong> E&#8217; arrivata una cara amica con uno dei figli a trovarci. Americani con affiliazioni italiane, mi chiede come arrivare nella ridente Basaluzzese ed io, immaginandoli immersi nella tecnologia pi\u00f9 avanzata, sbulacco smisuratamente suggerendo via SMS di scrivere su Google Maps &#8220;Pozzanghera Fangosa Menada&#8221;.\u00a0 Ma non sapevo che quando sono all&#8217;estero sono dotati di un Nokia pre-war e di un Blackberry a gasolio. Arrivati a Novi si sentono perduti e mostrano il mio SMS ad un tizio di una stazione di servizio che per\u00f2 sgrana gli occhi ed ammette di non aver mai sentito prima e tantomeno sa dove possa essere la Pozzanghera Fangosa M. Insomma, ho investito oltre $100,000 in lobbying per fare inserire e promuovere la Pozzanghera su Google. Ho corrotto un funzionario del ministero delle pubbliche amenit\u00e0 per includere la Pozz. nell&#8217;elenco delle cose totalmente prive di qualsivoglia valore e nessuno ancora sa dove si trova.<\/p>\n<p><strong>Altro argomento disgustoso.<\/strong> Miriam mi medica la schiena a giorni alterni. Ogni volta si produce in versi di orrore e mi comunica che la ferita sta andando in suppurazione, ci sono tracce di giallo e di verde,\u00a0 mi anticipa che io sto per morire e lei sta per svenire per lo schifo.<\/p>\n<div id=\"attachment_11889\" style=\"width: 360px\" class=\"wp-caption alignleft\"><img loading=\"lazy\" decoding=\"async\" aria-describedby=\"caption-attachment-11889\" class=\"wp-image-11889 size-full\" src=\"http:\/\/www.stefanome.it\/blog\/wp-content\/uploads\/2016\/07\/discgusto.jpg\" alt=\"discgusto\" width=\"350\" height=\"493\" srcset=\"http:\/\/www.stefanome.it\/blog\/wp-content\/uploads\/2016\/07\/discgusto.jpg 350w, http:\/\/www.stefanome.it\/blog\/wp-content\/uploads\/2016\/07\/discgusto-213x300.jpg 213w\" sizes=\"auto, (max-width: 350px) 100vw, 350px\" \/><p id=\"caption-attachment-11889\" class=\"wp-caption-text\">Foto per gentile concessione di Miriam.<\/p><\/div>\n<p>Si, \u00e8 abbastanza ributtante anche se il punto di sutura pi\u00f9 in alto nella foto assomiglia molto vagamente ad una microfiga (tanto per usare un estetismo francesizzante) o in alternativa ad un chicco di caff\u00e8 decolorato con ipoclorito di sodio concentrato, oppure ad un chicco di avena. Il filo azzurro usato per cucirmi non mi dispiace; mi conferisce un&#8217;aria trendy alla quale dovr\u00f2 per\u00f2 rinunciare tra una decina di giorni, maledizione.<\/p>\n<p>Cos\u00ec che adesso ho salvato su un server in Oregon alcune informazioni vitali pi\u00f9 una foto post operatoria, posso dedicarmi a cose pi\u00f9 importanti, come ad esempio ad alcune immagini che il Consulente Biologico della Malfornita ha scattato recentemente.<\/p>\n<p><strong>Meno male che il Consulente Biologico<\/strong> ha una buona macchina fotografica e la sa usare bene. Ecco alcuni scatti.<\/p>\n<p><img loading=\"lazy\" decoding=\"async\" class=\"aligncenter size-full wp-image-11890\" src=\"http:\/\/www.stefanome.it\/blog\/wp-content\/uploads\/2016\/07\/colombaccio.jpg\" alt=\"colombaccio\" width=\"640\" height=\"383\" srcset=\"http:\/\/www.stefanome.it\/blog\/wp-content\/uploads\/2016\/07\/colombaccio.jpg 640w, http:\/\/www.stefanome.it\/blog\/wp-content\/uploads\/2016\/07\/colombaccio-300x180.jpg 300w\" sizes=\"auto, (max-width: 640px) 100vw, 640px\" \/><\/p>\n<p style=\"text-align: justify;\">Un colombaccio che controlla il livello dell&#8217;acqua della Pozzanghera per conto del Magistrato del Po, o forse beve. Si noti come immerge la testa fino all&#8217;occhio. Probabilmente beve dalle narici oppure stava perdendo l&#8217;equilibrio.<\/p>\n<p><img loading=\"lazy\" decoding=\"async\" class=\"aligncenter size-full wp-image-11891\" src=\"http:\/\/www.stefanome.it\/blog\/wp-content\/uploads\/2016\/07\/conigliou.jpg\" alt=\"conigliou\" width=\"640\" height=\"427\" srcset=\"http:\/\/www.stefanome.it\/blog\/wp-content\/uploads\/2016\/07\/conigliou.jpg 640w, http:\/\/www.stefanome.it\/blog\/wp-content\/uploads\/2016\/07\/conigliou-300x200.jpg 300w\" sizes=\"auto, (max-width: 640px) 100vw, 640px\" \/><\/p>\n<p>Uno dei conigli che tengono in ordine il prato ed in cambio lo concimano. Ormai quando mi vedono non scappano pi\u00f9 precipitosamente come prima, a meno che io non inizi a cantare o a spogliarmi.<\/p>\n<p><img loading=\"lazy\" decoding=\"async\" class=\"alignright size-full wp-image-11898\" src=\"http:\/\/www.stefanome.it\/blog\/wp-content\/uploads\/2016\/07\/batte.jpg\" alt=\"batte\" width=\"300\" height=\"514\" srcset=\"http:\/\/www.stefanome.it\/blog\/wp-content\/uploads\/2016\/07\/batte.jpg 300w, http:\/\/www.stefanome.it\/blog\/wp-content\/uploads\/2016\/07\/batte-175x300.jpg 175w\" sizes=\"auto, (max-width: 300px) 100vw, 300px\" \/><\/p>\n<p><strong>A proposito di concime organico. <\/strong>&#8220;<strong>Vieni alla festa di Sabato ?&#8221;<\/strong><\/p>\n<p>Che festa ?\u00a0 No, non vengo e dovresti sapere che da anni sono sulla black list e dunque, grazie ad una serie di circostanze fortunate, evito questa kermesse ostentativa. Anzi no, parliamoci chiaro; lo sai benissimo che le probabilit\u00e0 che io sia considerato sono pari a zero ed allora perch\u00e8 me lo chiedi ? Mi perdo dunque la festicciola e se qualcuno non me lo avesse detto casualmente non avrei neppure saputo che\u00a0 si fanno le feste per i battesimi invitando gli amici. Sono obsoleto e non seguo i cambiamenti dei costumi, e comunque l&#8217;idea di andare ad una festa formale vestito come uno dei Re Magi a portare incenso ad un neonato mi sarebbe sembrata piacevole come infilarsi un tizzone nel sedere. E comunque sia, <em>non importa sai c&#8217;avevo judo, ma se serve vi porto i dischi cos\u00ec potete ballare i lenti (Porta pure ma non entri)<\/em>. In compenso sono andato ad una festicciola molto pi\u00f9 informale di amici veri.\u00a0 Mi conoscono bene ed ho potuto dire alla padrona di casa che i pantaloni che indossava le facevano un culone enorme. Miriam invece aveva un abitino che per fortuna ha sconfitto ai punti un altra <em>mise<\/em> alternativa che l&#8217;avrebbe fatta sembrare Alberto Tomba ai mondiali del 1996.<\/p>\n<p><strong>Consiglio da amico.<\/strong> Visto che ho tirato in ballo l&#8217;argomento culoni, ribadisco che quando vengo portato in spiaggia mi annoio. Tiro le pietroline, spruzzo l&#8217;acqua, rompo i coglioni.<\/p>\n<div id=\"attachment_11900\" style=\"width: 410px\" class=\"wp-caption aligncenter\"><img loading=\"lazy\" decoding=\"async\" aria-describedby=\"caption-attachment-11900\" class=\"size-full wp-image-11900\" src=\"http:\/\/www.stefanome.it\/blog\/wp-content\/uploads\/2016\/07\/ulone.jpg\" alt=\"Moony\" width=\"400\" height=\"300\" srcset=\"http:\/\/www.stefanome.it\/blog\/wp-content\/uploads\/2016\/07\/ulone.jpg 400w, http:\/\/www.stefanome.it\/blog\/wp-content\/uploads\/2016\/07\/ulone-300x225.jpg 300w\" sizes=\"auto, (max-width: 400px) 100vw, 400px\" \/><p id=\"caption-attachment-11900\" class=\"wp-caption-text\">Moony. Corsica, Giugno 2016<\/p><\/div>\n<p>Dunque se chiunque, Miriam ed una sua cara amica ad esempio, decide di fare un autoscatto sulla spiaggia, costui o costei si deve prima guardare intorno e verificare che io sia molto distante.<\/p>\n<div id=\"attachment_11896\" style=\"width: 650px\" class=\"wp-caption aligncenter\"><img loading=\"lazy\" decoding=\"async\" aria-describedby=\"caption-attachment-11896\" class=\"wp-image-11896 size-full\" src=\"http:\/\/www.stefanome.it\/blog\/wp-content\/uploads\/2016\/07\/coniglioter.jpg\" alt=\"coniglioter\" width=\"640\" height=\"427\" srcset=\"http:\/\/www.stefanome.it\/blog\/wp-content\/uploads\/2016\/07\/coniglioter.jpg 640w, http:\/\/www.stefanome.it\/blog\/wp-content\/uploads\/2016\/07\/coniglioter-300x200.jpg 300w\" sizes=\"auto, (max-width: 640px) 100vw, 640px\" \/><p id=\"caption-attachment-11896\" class=\"wp-caption-text\">Il coniglio di prima.<\/p><\/div>\n","protected":false},"excerpt":{"rendered":"<p>Alcune annotazioni bio-climatiche stantie. Ormai non piove da circa un mese con temperature che di giorno superano sistematicamente i 30\u00b0, l&#8217;erba si secca e gli alberi messi a dimora negli ultimi anni vanno tenuti sotto controllo perch\u00e8 questa estate arriva &hellip; <a href=\"http:\/\/www.stefanome.it\/blog\/?p=11883\">Continue reading <span class=\"meta-nav\">&rarr;<\/span><\/a><\/p>\n","protected":false},"author":1,"featured_media":0,"comment_status":"open","ping_status":"open","sticky":false,"template":"","format":"standard","meta":{"footnotes":""},"categories":[1],"tags":[],"class_list":["post-11883","post","type-post","status-publish","format-standard","hentry","category-apc"],"_links":{"self":[{"href":"http:\/\/www.stefanome.it\/blog\/index.php?rest_route=\/wp\/v2\/posts\/11883","targetHints":{"allow":["GET"]}}],"collection":[{"href":"http:\/\/www.stefanome.it\/blog\/index.php?rest_route=\/wp\/v2\/posts"}],"about":[{"href":"http:\/\/www.stefanome.it\/blog\/index.php?rest_route=\/wp\/v2\/types\/post"}],"author":[{"embeddable":true,"href":"http:\/\/www.stefanome.it\/blog\/index.php?rest_route=\/wp\/v2\/users\/1"}],"replies":[{"embeddable":true,"href":"http:\/\/www.stefanome.it\/blog\/index.php?rest_route=%2Fwp%2Fv2%2Fcomments&post=11883"}],"version-history":[{"count":22,"href":"http:\/\/www.stefanome.it\/blog\/index.php?rest_route=\/wp\/v2\/posts\/11883\/revisions"}],"predecessor-version":[{"id":11922,"href":"http:\/\/www.stefanome.it\/blog\/index.php?rest_route=\/wp\/v2\/posts\/11883\/revisions\/11922"}],"wp:attachment":[{"href":"http:\/\/www.stefanome.it\/blog\/index.php?rest_route=%2Fwp%2Fv2%2Fmedia&parent=11883"}],"wp:term":[{"taxonomy":"category","embeddable":true,"href":"http:\/\/www.stefanome.it\/blog\/index.php?rest_route=%2Fwp%2Fv2%2Fcategories&post=11883"},{"taxonomy":"post_tag","embeddable":true,"href":"http:\/\/www.stefanome.it\/blog\/index.php?rest_route=%2Fwp%2Fv2%2Ftags&post=11883"}],"curies":[{"name":"wp","href":"https:\/\/api.w.org\/{rel}","templated":true}]}}