{"id":11851,"date":"2016-07-01T08:03:16","date_gmt":"2016-07-01T07:03:16","guid":{"rendered":"http:\/\/www.stefanome.it\/blog\/?p=11851"},"modified":"2016-07-01T15:02:40","modified_gmt":"2016-07-01T14:02:40","slug":"la-rubrica-degli-aggiornamenti","status":"publish","type":"post","link":"http:\/\/www.stefanome.it\/blog\/?p=11851","title":{"rendered":"La rubrica degli aggiornamenti."},"content":{"rendered":"<p>Era da molto, troppo tempo che non pubblicavo fotografie delle Querce (di Central Park) e degli avanotti di Carpe Koi della Pozzanghera. Provavo come un senso di disagio e di malessere da assurdit\u00e0 diffusa.<\/p>\n<p>Non ultimo, a causa di questa latitanza, il Ph del mio stomaco era sensibilmente diminuito, l&#8217;autostima della mia bile era ai minimi decennali e probabilmente lo shampoo volumizzante di Miriam mi provocava un cerchio alla testa. Finalmente ovvio a questo scompenso cosmico.<\/p>\n<div id=\"attachment_11859\" style=\"width: 460px\" class=\"wp-caption alignleft\"><a href=\"http:\/\/www.stefanome.it\/blog\/wp-content\/uploads\/2016\/07\/q2345.jpg\" target=\"_blank\"><img loading=\"lazy\" decoding=\"async\" aria-describedby=\"caption-attachment-11859\" class=\"wp-image-11859\" src=\"http:\/\/www.stefanome.it\/blog\/wp-content\/uploads\/2016\/07\/q2345.jpg\" alt=\"Q 2-3-4-5\" width=\"450\" height=\"1274\" srcset=\"http:\/\/www.stefanome.it\/blog\/wp-content\/uploads\/2016\/07\/q2345.jpg 530w, http:\/\/www.stefanome.it\/blog\/wp-content\/uploads\/2016\/07\/q2345-106x300.jpg 106w, http:\/\/www.stefanome.it\/blog\/wp-content\/uploads\/2016\/07\/q2345-362x1024.jpg 362w\" sizes=\"auto, (max-width: 450px) 100vw, 450px\" \/><\/a><p id=\"caption-attachment-11859\" class=\"wp-caption-text\">Q 2-3-4-5 (clicca, un po&#8217; si estende)<\/p><\/div>\n<p>Questa a fianco, prima della serie di immagini, \u00e8 la Q5; ricordo che si chiama Q 5 perch\u00e8 fu la quinta a germogliare nella primavera del 2015. Costei, dopo un anno di sostanziale immobilit\u00e0, nelle ultime due settimane ha tirato fuori molte foglioline ed alcuni rametti. Misura circa 25 centimetri di altezza. Bene, brava. Possiede foglie pi\u00f9 allungate rispetto a quelle delle querce locali, molto probabilmente ho innescato una mutazione genetica di tutte le querce di Basaluzzo. Queste invece a seguire sono le Q 4,3,2. Sono vive ed apparentemente in buona salute e di buon umore, ma non mostrano segni di voler crescere oltre i 10 &#8211; 15 centimetri. Vivono di semplici cose, prendendo energia del sole dalle poche foglie ma non sembrano provare particolari emozioni dalle quali trarre le necessarie motivazioni\u00a0 a diventare alberi a tutti gli effetti. Ho bisogno di uno psicologo per alberi. Oppure potrei innaffiarle con qualche prodotto steroideo, vitamine, proteine, biscotti al Plasmon.<\/p>\n<p>&nbsp;<\/p>\n<p>Per ultima, ho lasciato la Q 1. Questa fu la prima a spuntare dal vasetto, ed ha una vitalit\u00e0 particolare. E&#8217; alta quasi un metro.<\/p>\n<p><img loading=\"lazy\" decoding=\"async\" class=\"aligncenter size-full wp-image-11861\" src=\"http:\/\/www.stefanome.it\/blog\/wp-content\/uploads\/2016\/07\/q1-1.jpg\" alt=\"q1\" width=\"640\" height=\"461\" srcset=\"http:\/\/www.stefanome.it\/blog\/wp-content\/uploads\/2016\/07\/q1-1.jpg 640w, http:\/\/www.stefanome.it\/blog\/wp-content\/uploads\/2016\/07\/q1-1-300x216.jpg 300w\" sizes=\"auto, (max-width: 640px) 100vw, 640px\" \/><\/p>\n<p>Sia lo scorso anno che nel suo secondo anno di vita, mette le foglie ed Aprile, poi se ne sta buona fino a maggio, ed in 3 settimane improvvisamente viene presa dal furore vegetale e raddoppia dimensione. Se la crescita seguisse la progressione geometrica di questi primi 24 mesi, in capo a 10 anni sarebbe alta 4.046 metri. Forse devo avvisare l&#8217;ENAV.<\/p>\n<p><strong>Ed ora l&#8217;argomento Carpe.<\/strong><\/p>\n<p><img loading=\"lazy\" decoding=\"async\" class=\"aligncenter size-full wp-image-11862\" src=\"http:\/\/www.stefanome.it\/blog\/wp-content\/uploads\/2016\/07\/ava00.jpg\" alt=\"ava00\" width=\"640\" height=\"457\" srcset=\"http:\/\/www.stefanome.it\/blog\/wp-content\/uploads\/2016\/07\/ava00.jpg 640w, http:\/\/www.stefanome.it\/blog\/wp-content\/uploads\/2016\/07\/ava00-300x214.jpg 300w\" sizes=\"auto, (max-width: 640px) 100vw, 640px\" \/><\/p>\n<p>Il numero di avanotti e pesciolini \u00e8 indefinibile. Potrebbero essere alcune centinaia. Questa foto mostra alcuni della prima generazione ed altri pi\u00f9 piccoli. Fanno branco e la mia presenza non li rassicura, anzi scappano e costringono lunghi appostamenti per farsi fotografare. A parte quello con la freccia scura disegnata sul dorso, gli altri sono rossi come i genitori ma alcuni sono pi\u00f9 biancastri. Non voglio addentrarmi nel prevedere lo scenario futuro della Pozzanghera e dei suoi sempre pi\u00f9 numerosi abitanti.<\/p>\n","protected":false},"excerpt":{"rendered":"<p>Era da molto, troppo tempo che non pubblicavo fotografie delle Querce (di Central Park) e degli avanotti di Carpe Koi della Pozzanghera. Provavo come un senso di disagio e di malessere da assurdit\u00e0 diffusa. Non ultimo, a causa di questa &hellip; <a href=\"http:\/\/www.stefanome.it\/blog\/?p=11851\">Continue reading <span class=\"meta-nav\">&rarr;<\/span><\/a><\/p>\n","protected":false},"author":1,"featured_media":0,"comment_status":"open","ping_status":"open","sticky":false,"template":"","format":"standard","meta":{"footnotes":""},"categories":[1],"tags":[],"class_list":["post-11851","post","type-post","status-publish","format-standard","hentry","category-apc"],"_links":{"self":[{"href":"http:\/\/www.stefanome.it\/blog\/index.php?rest_route=\/wp\/v2\/posts\/11851","targetHints":{"allow":["GET"]}}],"collection":[{"href":"http:\/\/www.stefanome.it\/blog\/index.php?rest_route=\/wp\/v2\/posts"}],"about":[{"href":"http:\/\/www.stefanome.it\/blog\/index.php?rest_route=\/wp\/v2\/types\/post"}],"author":[{"embeddable":true,"href":"http:\/\/www.stefanome.it\/blog\/index.php?rest_route=\/wp\/v2\/users\/1"}],"replies":[{"embeddable":true,"href":"http:\/\/www.stefanome.it\/blog\/index.php?rest_route=%2Fwp%2Fv2%2Fcomments&post=11851"}],"version-history":[{"count":4,"href":"http:\/\/www.stefanome.it\/blog\/index.php?rest_route=\/wp\/v2\/posts\/11851\/revisions"}],"predecessor-version":[{"id":11871,"href":"http:\/\/www.stefanome.it\/blog\/index.php?rest_route=\/wp\/v2\/posts\/11851\/revisions\/11871"}],"wp:attachment":[{"href":"http:\/\/www.stefanome.it\/blog\/index.php?rest_route=%2Fwp%2Fv2%2Fmedia&parent=11851"}],"wp:term":[{"taxonomy":"category","embeddable":true,"href":"http:\/\/www.stefanome.it\/blog\/index.php?rest_route=%2Fwp%2Fv2%2Fcategories&post=11851"},{"taxonomy":"post_tag","embeddable":true,"href":"http:\/\/www.stefanome.it\/blog\/index.php?rest_route=%2Fwp%2Fv2%2Ftags&post=11851"}],"curies":[{"name":"wp","href":"https:\/\/api.w.org\/{rel}","templated":true}]}}