{"id":11739,"date":"2016-06-07T16:52:12","date_gmt":"2016-06-07T15:52:12","guid":{"rendered":"http:\/\/www.stefanome.it\/blog\/?p=11739"},"modified":"2016-06-08T01:53:31","modified_gmt":"2016-06-08T00:53:31","slug":"basaluzzo-due-gocce-e","status":"publish","type":"post","link":"http:\/\/www.stefanome.it\/blog\/?p=11739","title":{"rendered":"Basaluzzo, due gocce e&#8230;"},"content":{"rendered":"<p><img loading=\"lazy\" decoding=\"async\" class=\"alignright size-full wp-image-11744\" src=\"http:\/\/www.stefanome.it\/blog\/wp-content\/uploads\/2016\/06\/ino.jpg\" alt=\"ino\" width=\"323\" height=\"311\" srcset=\"http:\/\/www.stefanome.it\/blog\/wp-content\/uploads\/2016\/06\/ino.jpg 323w, http:\/\/www.stefanome.it\/blog\/wp-content\/uploads\/2016\/06\/ino-300x289.jpg 300w\" sizes=\"auto, (max-width: 323px) 100vw, 323px\" \/><\/p>\n<p>Ecco che nell&#8217;opacit\u00e0 funzionale pomeridiana da jet lag, colgo un temporalino (immagine del radar qui a fianco) che, nato nelle colline intorno al Brugneto, si dirige verso Basaluzzo.\u00a0 L&#8217;evento mi consente di mettere qualche solita foto sfigata, gi\u00e0 vista in tutte le salse, della Pozzanghera Fangosa M. Era da qualche giorno che non lo facevo e provavo come un senso di disagio esistenziale, come quando finisco i biscotti all&#8217;anice oppure non trovo il mio yoghurt preferito perch\u00e8 lo ha mangiato Miriam (segnatamente quello al mango, oppure quello alle fragole OGM, pi\u00f9 dolci di quelle tradizionali)<\/p>\n<p><img loading=\"lazy\" decoding=\"async\" class=\"aligncenter size-full wp-image-11740\" src=\"http:\/\/www.stefanome.it\/blog\/wp-content\/uploads\/2016\/06\/current_bas.jpg\" alt=\"current_bas\" width=\"640\" height=\"480\" srcset=\"http:\/\/www.stefanome.it\/blog\/wp-content\/uploads\/2016\/06\/current_bas.jpg 640w, http:\/\/www.stefanome.it\/blog\/wp-content\/uploads\/2016\/06\/current_bas-300x225.jpg 300w\" sizes=\"auto, (max-width: 640px) 100vw, 640px\" \/><\/p>\n<p>Cadono le prime gocce (nella foto qui sopra se ne vede una grossa che lascia la traccia). L&#8217;immagine della Pozzanghera mostra il cielo plumbeo e comunque soprattutto, <strong>sticazzi a tutte le quote.<\/strong><\/p>\n<div id=\"attachment_11742\" style=\"width: 1034px\" class=\"wp-caption aligncenter\"><a href=\"http:\/\/www.stefanome.it\/blog\/wp-content\/uploads\/2016\/06\/currentb3.jpg\"><img loading=\"lazy\" decoding=\"async\" aria-describedby=\"caption-attachment-11742\" class=\"wp-image-11742 size-full\" src=\"http:\/\/www.stefanome.it\/blog\/wp-content\/uploads\/2016\/06\/currentb3.jpg\" alt=\"currentb3\" width=\"1024\" height=\"768\" srcset=\"http:\/\/www.stefanome.it\/blog\/wp-content\/uploads\/2016\/06\/currentb3.jpg 1024w, http:\/\/www.stefanome.it\/blog\/wp-content\/uploads\/2016\/06\/currentb3-300x225.jpg 300w, http:\/\/www.stefanome.it\/blog\/wp-content\/uploads\/2016\/06\/currentb3-768x576.jpg 768w\" sizes=\"auto, (max-width: 1024px) 100vw, 1024px\" \/><\/a><p id=\"caption-attachment-11742\" class=\"wp-caption-text\">Clicca<\/p><\/div>\n<p>Salvo alcune foto meno che banali, spero che il temporale investa Basaluzzo e porti un po&#8217; di pioggia benefica.<\/p>\n<div id=\"attachment_11741\" style=\"width: 1034px\" class=\"wp-caption aligncenter\"><a href=\"http:\/\/www.stefanome.it\/blog\/wp-content\/uploads\/2016\/06\/currentb32.jpg\" target=\"_blank\"><img loading=\"lazy\" decoding=\"async\" aria-describedby=\"caption-attachment-11741\" class=\"wp-image-11741 size-full\" src=\"http:\/\/www.stefanome.it\/blog\/wp-content\/uploads\/2016\/06\/currentb32.jpg\" alt=\"currentb32\" width=\"1024\" height=\"768\" srcset=\"http:\/\/www.stefanome.it\/blog\/wp-content\/uploads\/2016\/06\/currentb32.jpg 1024w, http:\/\/www.stefanome.it\/blog\/wp-content\/uploads\/2016\/06\/currentb32-300x225.jpg 300w, http:\/\/www.stefanome.it\/blog\/wp-content\/uploads\/2016\/06\/currentb32-768x576.jpg 768w\" sizes=\"auto, (max-width: 1024px) 100vw, 1024px\" \/><\/a><p id=\"caption-attachment-11741\" class=\"wp-caption-text\">Clicca<\/p><\/div>\n<p>&nbsp;<\/p>\n<div id=\"attachment_11743\" style=\"width: 1034px\" class=\"wp-caption aligncenter\"><a href=\"http:\/\/www.stefanome.it\/blog\/wp-content\/uploads\/2016\/06\/currentb3_last.jpg\" target=\"_blank\"><img loading=\"lazy\" decoding=\"async\" aria-describedby=\"caption-attachment-11743\" class=\"wp-image-11743 size-full\" src=\"http:\/\/www.stefanome.it\/blog\/wp-content\/uploads\/2016\/06\/currentb3_last.jpg\" alt=\"currentb3_last\" width=\"1024\" height=\"768\" srcset=\"http:\/\/www.stefanome.it\/blog\/wp-content\/uploads\/2016\/06\/currentb3_last.jpg 1024w, http:\/\/www.stefanome.it\/blog\/wp-content\/uploads\/2016\/06\/currentb3_last-300x225.jpg 300w, http:\/\/www.stefanome.it\/blog\/wp-content\/uploads\/2016\/06\/currentb3_last-768x576.jpg 768w\" sizes=\"auto, (max-width: 1024px) 100vw, 1024px\" \/><\/a><p id=\"caption-attachment-11743\" class=\"wp-caption-text\">Clicca anche qui.<\/p><\/div>\n<p>Arriva il vento, inizia a piovere, provo a collegarmi direttamente alla Basacam 3, ma dopo un minuto il collegamento con le webcam si interrompe. Ma stracazzo; insulti diretti alla lobby telefonica, a Tronchetti Provera, a DeBenedetti ed a tutti coloro che li hanno anticipati e che sono seguiti a loro, prendendo stipendi milionari senza combinare nulla di buono. Fumante di collera, vado sul sito web 187 con il pregiudizio aziendale ai massimi livelli. Dopo aver navigato per alcuni minuti nelle pagine di &#8220;<em>apri una segnalazione del cazzo che intanto ce ne strabattiamo l&#8217;acciuga<\/em>&#8221; riesco a mandare una segnalazione. Poco dopo il collegamento viene ripristinato perch\u00e8 riesco nuovamente a dialogare con la Mobotix. I casi sono due: o quelli della Telecom hanno ridato la possibilit\u00e0 all&#8217;utente di fare un reset della linea da remoto, oppure tutto ci\u00f2 \u00e8 stato casuale. Sono ottimista; per qualche tempo la segnalazione da remoto faceva effettivamente partire un reset, che equivaleva a premere un tasto sul main frame del massimo sistema telefonico. Poi il servizio era stato tolto, sospetto anche a causa dei nevrastenici come me, adesso forse \u00e8 stato messo di nuovo a disposizione degli utenti.<\/p>\n<p>Epilogo; il temporalino comunque ha virato leggermente traiettoria ed \u00e8 sfilato verso sud, lasciando al suolo solo poche gocce.<\/p>\n<p><img loading=\"lazy\" decoding=\"async\" class=\"aligncenter size-full wp-image-11745\" src=\"http:\/\/www.stefanome.it\/blog\/wp-content\/uploads\/2016\/06\/current_bas2.jpg\" alt=\"current_bas2\" width=\"640\" height=\"480\" srcset=\"http:\/\/www.stefanome.it\/blog\/wp-content\/uploads\/2016\/06\/current_bas2.jpg 640w, http:\/\/www.stefanome.it\/blog\/wp-content\/uploads\/2016\/06\/current_bas2-300x225.jpg 300w\" sizes=\"auto, (max-width: 640px) 100vw, 640px\" \/><\/p>\n<p><strong>Nota notturna.<\/strong> A futura memoria, sono le ore 2:46 e sono sveglio perch\u00e8 ho pensato &#8211; male &#8211; di non prendere la solita pastiglia per dormire. Per le prime 3-4 notti dopo il rientro da oltre oceano di norma prendo la pastiglia per dormire. Questa sera, pensando di fare cosa gradita al mio fegato, non l&#8217;ho presa. Mi sono addormentato a mezzanotte e mi sono svegliato verso le 1:20, sono stato colto da ansie universali e per non consumare le lenzuola mi sono messo al computer. Ecco, domani sar\u00f2 rincoglionito molto pi\u00f9 del livello medio di rincoglionimento genetico, anche di pi\u00f9 del rincoglionimento agguntivo da scazzo dopo il rientro. Miriam ovviamente dorme serena. La invidio e non posso neppure fare la solita battuta, anzi no, per la serie luoghi comuni misogini ecco che &#8220;&#8230;<em>avendo solo due neuroni, dorme perch\u00e8 questi non si accorgono del cambio di fuso orario<\/em>. &#8221;<\/p>\n<p>Adesso posso tornare a letto a fare esercizi di frittata.<\/p>\n","protected":false},"excerpt":{"rendered":"<p>Ecco che nell&#8217;opacit\u00e0 funzionale pomeridiana da jet lag, colgo un temporalino (immagine del radar qui a fianco) che, nato nelle colline intorno al Brugneto, si dirige verso Basaluzzo.\u00a0 L&#8217;evento mi consente di mettere qualche solita foto sfigata, gi\u00e0 vista in &hellip; <a href=\"http:\/\/www.stefanome.it\/blog\/?p=11739\">Continue reading <span class=\"meta-nav\">&rarr;<\/span><\/a><\/p>\n","protected":false},"author":1,"featured_media":0,"comment_status":"open","ping_status":"open","sticky":false,"template":"","format":"standard","meta":{"footnotes":""},"categories":[1],"tags":[],"class_list":["post-11739","post","type-post","status-publish","format-standard","hentry","category-apc"],"_links":{"self":[{"href":"http:\/\/www.stefanome.it\/blog\/index.php?rest_route=\/wp\/v2\/posts\/11739","targetHints":{"allow":["GET"]}}],"collection":[{"href":"http:\/\/www.stefanome.it\/blog\/index.php?rest_route=\/wp\/v2\/posts"}],"about":[{"href":"http:\/\/www.stefanome.it\/blog\/index.php?rest_route=\/wp\/v2\/types\/post"}],"author":[{"embeddable":true,"href":"http:\/\/www.stefanome.it\/blog\/index.php?rest_route=\/wp\/v2\/users\/1"}],"replies":[{"embeddable":true,"href":"http:\/\/www.stefanome.it\/blog\/index.php?rest_route=%2Fwp%2Fv2%2Fcomments&post=11739"}],"version-history":[{"count":7,"href":"http:\/\/www.stefanome.it\/blog\/index.php?rest_route=\/wp\/v2\/posts\/11739\/revisions"}],"predecessor-version":[{"id":11752,"href":"http:\/\/www.stefanome.it\/blog\/index.php?rest_route=\/wp\/v2\/posts\/11739\/revisions\/11752"}],"wp:attachment":[{"href":"http:\/\/www.stefanome.it\/blog\/index.php?rest_route=%2Fwp%2Fv2%2Fmedia&parent=11739"}],"wp:term":[{"taxonomy":"category","embeddable":true,"href":"http:\/\/www.stefanome.it\/blog\/index.php?rest_route=%2Fwp%2Fv2%2Fcategories&post=11739"},{"taxonomy":"post_tag","embeddable":true,"href":"http:\/\/www.stefanome.it\/blog\/index.php?rest_route=%2Fwp%2Fv2%2Ftags&post=11739"}],"curies":[{"name":"wp","href":"https:\/\/api.w.org\/{rel}","templated":true}]}}