{"id":11658,"date":"2016-05-23T08:22:11","date_gmt":"2016-05-23T07:22:11","guid":{"rendered":"http:\/\/www.stefanome.it\/blog\/?p=11658"},"modified":"2016-05-23T08:22:11","modified_gmt":"2016-05-23T07:22:11","slug":"ostro","status":"publish","type":"post","link":"http:\/\/www.stefanome.it\/blog\/?p=11658","title":{"rendered":"Ostro."},"content":{"rendered":"<p>Raro a Genova come una decisione intelligente del consiglio comunale.<\/p>\n<p><img loading=\"lazy\" decoding=\"async\" class=\"aligncenter size-full wp-image-11659\" src=\"http:\/\/www.stefanome.it\/blog\/wp-content\/uploads\/2016\/05\/ostro.jpg\" alt=\"ostro\" width=\"640\" height=\"480\" srcset=\"http:\/\/www.stefanome.it\/blog\/wp-content\/uploads\/2016\/05\/ostro.jpg 640w, http:\/\/www.stefanome.it\/blog\/wp-content\/uploads\/2016\/05\/ostro-300x225.jpg 300w\" sizes=\"auto, (max-width: 640px) 100vw, 640px\" \/><\/p>\n<p>Di questa foto si apprezza soprattutto la scarsa qualit\u00e0 dei colori, con un eccesso di blu che ho cercato di eliminare con risultati pi\u00f9 che scadenti. Almeno per\u00f2 si notano le striature sul mare che hanno la direzione nord-sud identica a quelle provocate dalla Tramontana. Ma questo \u00e8 Ostro, ossia 180 gradi opposti alla Tramontana.<\/p>\n<p><strong>L&#8217;insetto dell&#8217;Orecchio.<\/strong> Quel bagonetto nero allungato con pallini rossi ha visto il mio grande padiglione auricolare con un buco nel mezzo ed ha pensato che poteva essere un bel posto sicuro per fare qualcosa. Le uova probabilmente; tutti gli essere viventi di questo pianeta passano la loro vita a pensare come riprodursi. Sono ricorso all&#8217;intervento para-farmaceutico di Miriam, che ha provato ad estrarmi l&#8217;insetto con un paio di pinzette che usa per strapparsi i peli delle sopraciglia per non diventare come Freda Kalho. Alla fine per\u00f2 \u00e8 uscito da solo dopo che ho inclinato la testa e me la sono percossa con qualche pugno bene assestato. Intanto sono gi\u00e0 rincoglionito e comunque STICAZZI.<\/p>\n","protected":false},"excerpt":{"rendered":"<p>Raro a Genova come una decisione intelligente del consiglio comunale. Di questa foto si apprezza soprattutto la scarsa qualit\u00e0 dei colori, con un eccesso di blu che ho cercato di eliminare con risultati pi\u00f9 che scadenti. Almeno per\u00f2 si notano &hellip; <a href=\"http:\/\/www.stefanome.it\/blog\/?p=11658\">Continue reading <span class=\"meta-nav\">&rarr;<\/span><\/a><\/p>\n","protected":false},"author":1,"featured_media":0,"comment_status":"open","ping_status":"open","sticky":false,"template":"","format":"standard","meta":{"footnotes":""},"categories":[1],"tags":[],"class_list":["post-11658","post","type-post","status-publish","format-standard","hentry","category-apc"],"_links":{"self":[{"href":"http:\/\/www.stefanome.it\/blog\/index.php?rest_route=\/wp\/v2\/posts\/11658","targetHints":{"allow":["GET"]}}],"collection":[{"href":"http:\/\/www.stefanome.it\/blog\/index.php?rest_route=\/wp\/v2\/posts"}],"about":[{"href":"http:\/\/www.stefanome.it\/blog\/index.php?rest_route=\/wp\/v2\/types\/post"}],"author":[{"embeddable":true,"href":"http:\/\/www.stefanome.it\/blog\/index.php?rest_route=\/wp\/v2\/users\/1"}],"replies":[{"embeddable":true,"href":"http:\/\/www.stefanome.it\/blog\/index.php?rest_route=%2Fwp%2Fv2%2Fcomments&post=11658"}],"version-history":[{"count":1,"href":"http:\/\/www.stefanome.it\/blog\/index.php?rest_route=\/wp\/v2\/posts\/11658\/revisions"}],"predecessor-version":[{"id":11660,"href":"http:\/\/www.stefanome.it\/blog\/index.php?rest_route=\/wp\/v2\/posts\/11658\/revisions\/11660"}],"wp:attachment":[{"href":"http:\/\/www.stefanome.it\/blog\/index.php?rest_route=%2Fwp%2Fv2%2Fmedia&parent=11658"}],"wp:term":[{"taxonomy":"category","embeddable":true,"href":"http:\/\/www.stefanome.it\/blog\/index.php?rest_route=%2Fwp%2Fv2%2Fcategories&post=11658"},{"taxonomy":"post_tag","embeddable":true,"href":"http:\/\/www.stefanome.it\/blog\/index.php?rest_route=%2Fwp%2Fv2%2Ftags&post=11658"}],"curies":[{"name":"wp","href":"https:\/\/api.w.org\/{rel}","templated":true}]}}