{"id":11643,"date":"2016-05-19T12:35:42","date_gmt":"2016-05-19T11:35:42","guid":{"rendered":"http:\/\/www.stefanome.it\/blog\/?p=11643"},"modified":"2016-05-19T12:35:42","modified_gmt":"2016-05-19T11:35:42","slug":"caro","status":"publish","type":"post","link":"http:\/\/www.stefanome.it\/blog\/?p=11643","title":{"rendered":"&#8220;Caro&#8221; ?"},"content":{"rendered":"<p><img loading=\"lazy\" decoding=\"async\" class=\"aligncenter size-full wp-image-11645\" src=\"http:\/\/www.stefanome.it\/blog\/wp-content\/uploads\/2016\/05\/disco.jpg\" alt=\"disco\" width=\"640\" height=\"471\" srcset=\"http:\/\/www.stefanome.it\/blog\/wp-content\/uploads\/2016\/05\/disco.jpg 640w, http:\/\/www.stefanome.it\/blog\/wp-content\/uploads\/2016\/05\/disco-300x221.jpg 300w\" sizes=\"auto, (max-width: 640px) 100vw, 640px\" \/><\/p>\n<p>Mentre imperversava questo breve scroscio di pioggia, sono andato a mangiare nel bar-ristorante che ha riaperto da poche settimane vicino all&#8217;ufficio. E&#8217; cambiata la gestione; quella di prima era molto casual-genovese, tipo &#8221; <em>OH NAN, CE NE SONO ANCORA DI GNOCCHI ? &#8211; BELIN, DUE PORZIONI E MEZZA<\/em>&#8220;.<\/p>\n<p>La nuova gestione, nei locali rinnovati, \u00e8 meno casereccia. C&#8217;\u00e8 una ragazzina che serve i tavoli, avr\u00e0 si e no vent&#8217;anni, graziosa. E&#8217; la seconda volta che mi vede ed oggi, mentre aspettavo il mio piatto, \u00e8 passata \u00e8 mi ha detto &#8220;adesso arriva, caro&#8221;. Pensavo di aver capito male, invece quando mi ha servito ha proprio usato di nuovo il termine &#8220;caro&#8221;.<\/p>\n<p>Mai mi sono sentito cos\u00ec vecchio; il tono mi \u00e8 sembrato quello delle infermiere di una casa di riposo nei confronti degli ospiti. E ne so qualcosa avendo un incarico in una di queste strutture; conosco il tono cordiale, professionale e caritatevole delle AUSER quando si rivolgono ai pazienti anziani. Ecco, ho avuto la sensazione che la giovine abbia usato il termine &#8220;caro&#8221; vedendomi vecchio con i capelli grigi,\u00a0 lo sguardo triste e rassegnato, la barba incolta, la camicia sgualcita. Ora; prima o poi diventer\u00f2 tutto questo, ma pensavo che il processo non fosse ancora, cos\u00ec evidentemente iniziato.<\/p>\n","protected":false},"excerpt":{"rendered":"<p>Mentre imperversava questo breve scroscio di pioggia, sono andato a mangiare nel bar-ristorante che ha riaperto da poche settimane vicino all&#8217;ufficio. E&#8217; cambiata la gestione; quella di prima era molto casual-genovese, tipo &#8221; OH NAN, CE NE SONO ANCORA DI &hellip; <a href=\"http:\/\/www.stefanome.it\/blog\/?p=11643\">Continue reading <span class=\"meta-nav\">&rarr;<\/span><\/a><\/p>\n","protected":false},"author":1,"featured_media":0,"comment_status":"open","ping_status":"open","sticky":false,"template":"","format":"standard","meta":{"footnotes":""},"categories":[1],"tags":[],"class_list":["post-11643","post","type-post","status-publish","format-standard","hentry","category-apc"],"_links":{"self":[{"href":"http:\/\/www.stefanome.it\/blog\/index.php?rest_route=\/wp\/v2\/posts\/11643","targetHints":{"allow":["GET"]}}],"collection":[{"href":"http:\/\/www.stefanome.it\/blog\/index.php?rest_route=\/wp\/v2\/posts"}],"about":[{"href":"http:\/\/www.stefanome.it\/blog\/index.php?rest_route=\/wp\/v2\/types\/post"}],"author":[{"embeddable":true,"href":"http:\/\/www.stefanome.it\/blog\/index.php?rest_route=\/wp\/v2\/users\/1"}],"replies":[{"embeddable":true,"href":"http:\/\/www.stefanome.it\/blog\/index.php?rest_route=%2Fwp%2Fv2%2Fcomments&post=11643"}],"version-history":[{"count":1,"href":"http:\/\/www.stefanome.it\/blog\/index.php?rest_route=\/wp\/v2\/posts\/11643\/revisions"}],"predecessor-version":[{"id":11646,"href":"http:\/\/www.stefanome.it\/blog\/index.php?rest_route=\/wp\/v2\/posts\/11643\/revisions\/11646"}],"wp:attachment":[{"href":"http:\/\/www.stefanome.it\/blog\/index.php?rest_route=%2Fwp%2Fv2%2Fmedia&parent=11643"}],"wp:term":[{"taxonomy":"category","embeddable":true,"href":"http:\/\/www.stefanome.it\/blog\/index.php?rest_route=%2Fwp%2Fv2%2Fcategories&post=11643"},{"taxonomy":"post_tag","embeddable":true,"href":"http:\/\/www.stefanome.it\/blog\/index.php?rest_route=%2Fwp%2Fv2%2Ftags&post=11643"}],"curies":[{"name":"wp","href":"https:\/\/api.w.org\/{rel}","templated":true}]}}