{"id":11627,"date":"2016-05-18T08:07:19","date_gmt":"2016-05-18T07:07:19","guid":{"rendered":"http:\/\/www.stefanome.it\/blog\/?p=11627"},"modified":"2016-05-18T08:07:19","modified_gmt":"2016-05-18T07:07:19","slug":"michael","status":"publish","type":"post","link":"http:\/\/www.stefanome.it\/blog\/?p=11627","title":{"rendered":"Michael."},"content":{"rendered":"<p><img loading=\"lazy\" decoding=\"async\" class=\"alignleft size-full wp-image-11628\" src=\"http:\/\/www.stefanome.it\/blog\/wp-content\/uploads\/2016\/05\/michael.jpg\" alt=\"michael\" width=\"350\" height=\"467\" srcset=\"http:\/\/www.stefanome.it\/blog\/wp-content\/uploads\/2016\/05\/michael.jpg 350w, http:\/\/www.stefanome.it\/blog\/wp-content\/uploads\/2016\/05\/michael-225x300.jpg 225w\" sizes=\"auto, (max-width: 350px) 100vw, 350px\" \/>Questa mattina mi sentivo Michael Douglas. Miriam per\u00f2 quando mi ha visto si \u00e8 spaventata. Mi sono asciugato i capelli puntando l&#8217;aria in modo da regalarmi questa aria eclettica.<\/p>\n<p>OK, va bene, faccio schifo. Miriam ha mandato questa foto ad un amico che sostiene che io con questa acconciatura assomigli semmai al fratello magro di Aldo Fabrizi. Mi sono sentito brutto ed inutile ed allora arrivato in ufficio ho donato $50 alla campagna di Bernie Sanders, che ha vinto in Oregon e perso di misura sulla Clinton in Kentucky. Non mi ha mai mandato gli adesivi che mi aveva promesso ma contribuisco lo stesso alla sua campagna per la nomination a Presidente. Pi\u00f9 passa il tempo e pi\u00f9 i Repubblicani mi stanno sulle palle. Sono trinariciuti, ottusi, presuntuosi e disinformati come una larga fetta di quella che era la sinistra in Italia negli anni passati.<\/p>\n<p><img loading=\"lazy\" decoding=\"async\" class=\"alignright size-full wp-image-11629\" src=\"http:\/\/www.stefanome.it\/blog\/wp-content\/uploads\/2016\/05\/The_Munsters_Butch_Patrick_1965.jpg\" alt=\"The_Munsters_Butch_Patrick_1965\" width=\"315\" height=\"420\" srcset=\"http:\/\/www.stefanome.it\/blog\/wp-content\/uploads\/2016\/05\/The_Munsters_Butch_Patrick_1965.jpg 315w, http:\/\/www.stefanome.it\/blog\/wp-content\/uploads\/2016\/05\/The_Munsters_Butch_Patrick_1965-225x300.jpg 225w\" sizes=\"auto, (max-width: 315px) 100vw, 315px\" \/><\/p>\n<p>Comunque anche Miriam oggi ha una nota particolare nel suo aspetto; in centro alla fronte le viene qualche sparuto ed inoffensivo capello bianco. A me piace, non la invecchia e comunque si vedono appena. Lei non li sopporta e si applica una roba per colorarli, una ditata di una pasta scura che intinge il capello bianco. Va tenuto per 10 minuti e poi va lavato con l&#8217;acqua; ieri per\u00f2 mentre aveva quella roba addosso \u00e8 stata chiamata da una sua amica. La telefonata, come di consueto, \u00e8 durata alcune ore ed al momento di risciacquarsi i capelli, Miriam ha scoperto che le si \u00e8 colorata anche la pelle nel centro della fronte. Adesso, io non sembro certo Michael Douglas, ma lei assomiglia a Butch Patrick nella serie televisiva &#8220;Munsters&#8221; del 1955.<\/p>\n","protected":false},"excerpt":{"rendered":"<p>Questa mattina mi sentivo Michael Douglas. Miriam per\u00f2 quando mi ha visto si \u00e8 spaventata. Mi sono asciugato i capelli puntando l&#8217;aria in modo da regalarmi questa aria eclettica. OK, va bene, faccio schifo. Miriam ha mandato questa foto ad &hellip; <a href=\"http:\/\/www.stefanome.it\/blog\/?p=11627\">Continue reading <span class=\"meta-nav\">&rarr;<\/span><\/a><\/p>\n","protected":false},"author":1,"featured_media":0,"comment_status":"open","ping_status":"open","sticky":false,"template":"","format":"standard","meta":{"footnotes":""},"categories":[1],"tags":[],"class_list":["post-11627","post","type-post","status-publish","format-standard","hentry","category-apc"],"_links":{"self":[{"href":"http:\/\/www.stefanome.it\/blog\/index.php?rest_route=\/wp\/v2\/posts\/11627","targetHints":{"allow":["GET"]}}],"collection":[{"href":"http:\/\/www.stefanome.it\/blog\/index.php?rest_route=\/wp\/v2\/posts"}],"about":[{"href":"http:\/\/www.stefanome.it\/blog\/index.php?rest_route=\/wp\/v2\/types\/post"}],"author":[{"embeddable":true,"href":"http:\/\/www.stefanome.it\/blog\/index.php?rest_route=\/wp\/v2\/users\/1"}],"replies":[{"embeddable":true,"href":"http:\/\/www.stefanome.it\/blog\/index.php?rest_route=%2Fwp%2Fv2%2Fcomments&post=11627"}],"version-history":[{"count":1,"href":"http:\/\/www.stefanome.it\/blog\/index.php?rest_route=\/wp\/v2\/posts\/11627\/revisions"}],"predecessor-version":[{"id":11630,"href":"http:\/\/www.stefanome.it\/blog\/index.php?rest_route=\/wp\/v2\/posts\/11627\/revisions\/11630"}],"wp:attachment":[{"href":"http:\/\/www.stefanome.it\/blog\/index.php?rest_route=%2Fwp%2Fv2%2Fmedia&parent=11627"}],"wp:term":[{"taxonomy":"category","embeddable":true,"href":"http:\/\/www.stefanome.it\/blog\/index.php?rest_route=%2Fwp%2Fv2%2Fcategories&post=11627"},{"taxonomy":"post_tag","embeddable":true,"href":"http:\/\/www.stefanome.it\/blog\/index.php?rest_route=%2Fwp%2Fv2%2Ftags&post=11627"}],"curies":[{"name":"wp","href":"https:\/\/api.w.org\/{rel}","templated":true}]}}