{"id":11562,"date":"2016-05-10T17:09:12","date_gmt":"2016-05-10T16:09:12","guid":{"rendered":"http:\/\/www.stefanome.it\/blog\/?p=11562"},"modified":"2016-05-11T16:21:15","modified_gmt":"2016-05-11T15:21:15","slug":"ah-pero-facebook","status":"publish","type":"post","link":"http:\/\/www.stefanome.it\/blog\/?p=11562","title":{"rendered":"Ah, per\u00f2&#8230; Facebook."},"content":{"rendered":"<p>Su queste pagine del mio blog scrivo quello che penso perch\u00e8 chi legge \u00e8 consapevole delle inutili cazzate che scrivo, posso esercitare una censura totale e chiudermi in un isolamento assoluto. Soprattutto, scrivo su cose che davvero non interessano a nessuno, la Pfm, le Righicam ? Invece su Facebook teoricamente possono leggere persone che sono casualmente a cazzaggiare per gli affari propri e si trovano a poter commentare di getto una mia considerazione del cazzo, o talmente inutile da risultare fastidiosa. Facebook \u00e8 potenzialmente un terreno minato, o meglio un luogo dove si pu\u00f2 essere attaccati violentemente dal primo psicopatico ambosessi. Insomma sto molto attento a cosa scrivo e specialmente a cosa commento sui messaggi di terze persone. No politica, no calcio, e no tante altre cose, no insulti, no cose personali.<\/p>\n<p>Ho in questo momento la sensazione pelosa di aver gi\u00e0 scritto questo preambolo delle balle.<\/p>\n<p><img loading=\"lazy\" decoding=\"async\" class=\"aligncenter size-full wp-image-11563\" src=\"http:\/\/www.stefanome.it\/blog\/wp-content\/uploads\/2016\/05\/corona.jpg\" alt=\"corona\" width=\"506\" height=\"555\" srcset=\"http:\/\/www.stefanome.it\/blog\/wp-content\/uploads\/2016\/05\/corona.jpg 506w, http:\/\/www.stefanome.it\/blog\/wp-content\/uploads\/2016\/05\/corona-274x300.jpg 274w\" sizes=\"auto, (max-width: 506px) 100vw, 506px\" \/><\/p>\n<p>Sono &#8220;amico&#8221; di tale Selvaggia Lucarelli perch\u00e8 tempo addietro le ho chiesto l&#8217;amicizia dopo aver letto qualcosa che mi era sembrato molto spiritoso. Poi ho scoperto che \u00e8 un personaggio pubblico, dunque potenzialmente falso, costruito e finto ma resta il fatto che talvolta la sua verve acida mi piace e dunque continuo a leggere i suoi masticoni polemici su questo o quest&#8217;altra. Il pi\u00f9 delle volte parla di cose che non conosco, ma il tizio in questione mi \u00e8 noto.<\/p>\n<p>Per farla breve, ho commentato un suo messaggio e ho ricevuto ben 223 like di altri amici della sig.ra Lucarelli che hanno trovato il mio commento rilevante.<\/p>\n<p>Per giungere al sodo&#8230; di queste 223 amici molte, la stragrande maggioranza, sono donne e di queste una considerevole percentuale sembrerebbero essere, per usare un francesismo, belle gnocche. Non sono andato a leggere il profilo di tutte, ma direi che il campione visionato \u00e8 significativo.<\/p>\n<p>Se fossi single e provolone, forse chiederei l&#8217;amicizia a tutte coloro che corrispondono ad una pre-selezione che potrebbe comprendere anche lo stato coniugale, ma non necessariamente. Probabilmente dovrei cambiare il mio profilo; le donne interessate ad un ultra cinquantenne che come foto mette se stesso mentre indossa un cappello dei Minions potrebbe attirare qualche crocerossina della terza et\u00e0 che vuole salvare il mondo immaginando che il sottoscritto abbia dei seri problemi di integrazione con la propria et\u00e0 anagrafica e con il mondo in generale. Diagnosi azzeccata. Ma eviterei come il fuoco una relazione con una facente funzione di mamma. Le altre mi negherebbero una risposta, subdorando la fregatura insita nel dare anche solo l&#8217;amicizia di Facebook ad un coscritto del 1961 che perde tempo a commentare un post su Fabrizio Corona.<\/p>\n<p>Update &#8220;likes&#8221;.<\/p>\n<p><img loading=\"lazy\" decoding=\"async\" class=\"aligncenter size-full wp-image-11565\" src=\"http:\/\/www.stefanome.it\/blog\/wp-content\/uploads\/2016\/05\/insert.jpg\" alt=\"insert\" width=\"520\" height=\"88\" srcset=\"http:\/\/www.stefanome.it\/blog\/wp-content\/uploads\/2016\/05\/insert.jpg 520w, http:\/\/www.stefanome.it\/blog\/wp-content\/uploads\/2016\/05\/insert-300x51.jpg 300w\" sizes=\"auto, (max-width: 520px) 100vw, 520px\" \/><\/p>\n<p>Oggi, gioved\u00ec, totalizzo 252 likes e 14 risposte, ossia commenti di apprezzamento sulla mia considerazione. Sono pi\u00f9 figo dello stesso Corona, l&#8217;ho sempre saputo ma ora ne ho la conferma. Il commento che ha totalizzato pi\u00f9 like per\u00f2 arriva a 1.075.<\/p>\n<div id=\"attachment_11568\" style=\"width: 517px\" class=\"wp-caption aligncenter\"><img loading=\"lazy\" decoding=\"async\" aria-describedby=\"caption-attachment-11568\" class=\"wp-image-11568 size-full\" src=\"http:\/\/www.stefanome.it\/blog\/wp-content\/uploads\/2016\/05\/sezione.jpg\" alt=\"sezione\" width=\"507\" height=\"88\" srcset=\"http:\/\/www.stefanome.it\/blog\/wp-content\/uploads\/2016\/05\/sezione.jpg 507w, http:\/\/www.stefanome.it\/blog\/wp-content\/uploads\/2016\/05\/sezione-300x52.jpg 300w\" sizes=\"auto, (max-width: 507px) 100vw, 507px\" \/><p id=\"caption-attachment-11568\" class=\"wp-caption-text\">Non vale, voglio il ri-conteggio delle schede.<\/p><\/div>\n<p>&nbsp;<\/p>\n","protected":false},"excerpt":{"rendered":"<p>Su queste pagine del mio blog scrivo quello che penso perch\u00e8 chi legge \u00e8 consapevole delle inutili cazzate che scrivo, posso esercitare una censura totale e chiudermi in un isolamento assoluto. Soprattutto, scrivo su cose che davvero non interessano a &hellip; <a href=\"http:\/\/www.stefanome.it\/blog\/?p=11562\">Continue reading <span class=\"meta-nav\">&rarr;<\/span><\/a><\/p>\n","protected":false},"author":1,"featured_media":0,"comment_status":"open","ping_status":"open","sticky":false,"template":"","format":"standard","meta":{"footnotes":""},"categories":[1],"tags":[],"class_list":["post-11562","post","type-post","status-publish","format-standard","hentry","category-apc"],"_links":{"self":[{"href":"http:\/\/www.stefanome.it\/blog\/index.php?rest_route=\/wp\/v2\/posts\/11562","targetHints":{"allow":["GET"]}}],"collection":[{"href":"http:\/\/www.stefanome.it\/blog\/index.php?rest_route=\/wp\/v2\/posts"}],"about":[{"href":"http:\/\/www.stefanome.it\/blog\/index.php?rest_route=\/wp\/v2\/types\/post"}],"author":[{"embeddable":true,"href":"http:\/\/www.stefanome.it\/blog\/index.php?rest_route=\/wp\/v2\/users\/1"}],"replies":[{"embeddable":true,"href":"http:\/\/www.stefanome.it\/blog\/index.php?rest_route=%2Fwp%2Fv2%2Fcomments&post=11562"}],"version-history":[{"count":4,"href":"http:\/\/www.stefanome.it\/blog\/index.php?rest_route=\/wp\/v2\/posts\/11562\/revisions"}],"predecessor-version":[{"id":11570,"href":"http:\/\/www.stefanome.it\/blog\/index.php?rest_route=\/wp\/v2\/posts\/11562\/revisions\/11570"}],"wp:attachment":[{"href":"http:\/\/www.stefanome.it\/blog\/index.php?rest_route=%2Fwp%2Fv2%2Fmedia&parent=11562"}],"wp:term":[{"taxonomy":"category","embeddable":true,"href":"http:\/\/www.stefanome.it\/blog\/index.php?rest_route=%2Fwp%2Fv2%2Fcategories&post=11562"},{"taxonomy":"post_tag","embeddable":true,"href":"http:\/\/www.stefanome.it\/blog\/index.php?rest_route=%2Fwp%2Fv2%2Ftags&post=11562"}],"curies":[{"name":"wp","href":"https:\/\/api.w.org\/{rel}","templated":true}]}}