{"id":11517,"date":"2016-04-29T10:27:26","date_gmt":"2016-04-29T09:27:26","guid":{"rendered":"http:\/\/www.stefanome.it\/blog\/?p=11517"},"modified":"2016-05-02T07:01:48","modified_gmt":"2016-05-02T06:01:48","slug":"e-piantala-di-ridere","status":"publish","type":"post","link":"http:\/\/www.stefanome.it\/blog\/?p=11517","title":{"rendered":"E piantala di ridere."},"content":{"rendered":"<p>&nbsp;<\/p>\n<p>L&#8217;articolo comparso on line su il Secolo XIX \u00e8 il solito inconsistente pezzo di mediocrit\u00e0 politicizzata che solo in una modesta cittadina provinciale pu\u00f2 avere una qualsivoglia rilevanza. Ma nella fotografia allegata, Miriam fa bella mostra di se.<\/p>\n<p><img loading=\"lazy\" decoding=\"async\" class=\"aligncenter size-full wp-image-11529\" src=\"http:\/\/www.stefanome.it\/blog\/wp-content\/uploads\/2016\/04\/pitonessa-1.jpg\" alt=\"pitonessa 1\" width=\"674\" height=\"407\" srcset=\"http:\/\/www.stefanome.it\/blog\/wp-content\/uploads\/2016\/04\/pitonessa-1.jpg 674w, http:\/\/www.stefanome.it\/blog\/wp-content\/uploads\/2016\/04\/pitonessa-1-300x181.jpg 300w\" sizes=\"auto, (max-width: 674px) 100vw, 674px\" \/><\/p>\n<p>Per la gioia di tutti, in particolar modo di Miriam, la foto \u00e8 cliccabile e si pu\u00f2 ingrandire.<\/p>\n<p><img loading=\"lazy\" decoding=\"async\" class=\"aligncenter size-full wp-image-11519\" src=\"http:\/\/www.stefanome.it\/blog\/wp-content\/uploads\/2016\/04\/image-H160428202030.jpg\" alt=\"image-H160428202030\" width=\"610\" height=\"473\" srcset=\"http:\/\/www.stefanome.it\/blog\/wp-content\/uploads\/2016\/04\/image-H160428202030.jpg 610w, http:\/\/www.stefanome.it\/blog\/wp-content\/uploads\/2016\/04\/image-H160428202030-300x233.jpg 300w\" sizes=\"auto, (max-width: 610px) 100vw, 610px\" \/><\/p>\n<p>Lei \u00e8 andata all&#8217;evento<em> mondano<\/em> perch\u00e8 c&#8217;era una coppia di cari amici. Il fotografo ha inteso riprendere Toti, il Presidente-chi-l&#8217;ha-visto, mentre fa un buffetto ad una carota con lo sguardo adorante e la scritta UNOPIU&#8217; che \u00e8 simile alla mia media che avevo in Stenografia al liceo. Ma nel mezzo si \u00e8 trovata Miriam, e dietro i nostri amici. Lui si vede di spalle a malapena,\u00a0 lei in compenso \u00e8 in un fermo immagine che si presterebbe benissimo al solito photoshop-fellatio.<\/p>\n<p>Comunque Miriam era incazzata nera; teme che chi la vede possa pensare che lei \u00e8 andata apposta per farsi fotografare, facendo sfoggio di desiderio di apparire \/ protagonismo. In pi\u00f9, a suo dire,\u00a0 era vestita che &#8220;sembrava arrivasse dalla Val Busa&#8221; in versione semi invernale. Forse \u00e8 adirata perch\u00e8 aveva il colletto della camicia che spuntava come quello di Jason King. Non lo so, fatto sta che dichiarava inoltre di voler querelare il Secolo. Io per\u00f2 non cogliendo la gravit\u00e0 del momento, non riuscivo a dismettere una ridarella che \u00e8 proseguita per la durata della prima colazione, alimentando ulteriormente la furia di Miriam. All&#8217;evento, oltre che Miriam e Toti, partecipava Daniela Santanch\u00e8, con l&#8217;accento. So poco o nulla di lei, ha fatto parte del Caravanserraglio berlusconiano con meriti perlopi\u00f9 estetici, ma potrei sbagliarmi.<\/p>\n<p><strong><span style=\"color: #ff0000;\">Aggiornamento del giorno dopo.<\/span><\/strong><\/p>\n<p>Qualcuno deve aver pensato che l&#8217;articolo in questione aveva un titolo poco ortodosso. Oggi lo stesso articolo si veste di un titolo diverso.<\/p>\n<p><img loading=\"lazy\" decoding=\"async\" class=\"aligncenter size-full wp-image-11530\" src=\"http:\/\/www.stefanome.it\/blog\/wp-content\/uploads\/2016\/04\/pitonessa-2.jpg\" alt=\"pitonessa 2\" width=\"680\" height=\"412\" srcset=\"http:\/\/www.stefanome.it\/blog\/wp-content\/uploads\/2016\/04\/pitonessa-2.jpg 680w, http:\/\/www.stefanome.it\/blog\/wp-content\/uploads\/2016\/04\/pitonessa-2-300x182.jpg 300w\" sizes=\"auto, (max-width: 680px) 100vw, 680px\" \/><\/p>\n<p>Ed anche la foto dove si vedeva Toti \u00e8 stata sostituita con una dove Toti non c&#8217;\u00e8&#8230; ma Miriam c&#8217;\u00e8 sempre !<\/p>\n<p><img loading=\"lazy\" decoding=\"async\" class=\"aligncenter size-full wp-image-11525\" src=\"http:\/\/www.stefanome.it\/blog\/wp-content\/uploads\/2016\/04\/image-H160428202129.jpg\" alt=\"image-H160428202129\" width=\"610\" height=\"445\" srcset=\"http:\/\/www.stefanome.it\/blog\/wp-content\/uploads\/2016\/04\/image-H160428202129.jpg 610w, http:\/\/www.stefanome.it\/blog\/wp-content\/uploads\/2016\/04\/image-H160428202129-300x219.jpg 300w\" sizes=\"auto, (max-width: 610px) 100vw, 610px\" \/><\/p>\n<p>Dunque il titolo \u00e8 diventato meno guitto-politico e la scomoda figura del presidente che sta dalla parte sbagliata \u00e8 stata rimossa perch\u00e8 \u00e8 meglio che il popolo non veda propaganda sublimare. Per\u00f2 si vede meglio il mio amico, insomma a noi va bene e Miriam sorride, almeno fino a quando non \u00e8 venuta a conoscenza delle foto pubblicate.<\/p>\n","protected":false},"excerpt":{"rendered":"<p>&nbsp; L&#8217;articolo comparso on line su il Secolo XIX \u00e8 il solito inconsistente pezzo di mediocrit\u00e0 politicizzata che solo in una modesta cittadina provinciale pu\u00f2 avere una qualsivoglia rilevanza. Ma nella fotografia allegata, Miriam fa bella mostra di se. Per &hellip; <a href=\"http:\/\/www.stefanome.it\/blog\/?p=11517\">Continue reading <span class=\"meta-nav\">&rarr;<\/span><\/a><\/p>\n","protected":false},"author":1,"featured_media":0,"comment_status":"open","ping_status":"open","sticky":false,"template":"","format":"standard","meta":{"footnotes":""},"categories":[1],"tags":[],"class_list":["post-11517","post","type-post","status-publish","format-standard","hentry","category-apc"],"_links":{"self":[{"href":"http:\/\/www.stefanome.it\/blog\/index.php?rest_route=\/wp\/v2\/posts\/11517","targetHints":{"allow":["GET"]}}],"collection":[{"href":"http:\/\/www.stefanome.it\/blog\/index.php?rest_route=\/wp\/v2\/posts"}],"about":[{"href":"http:\/\/www.stefanome.it\/blog\/index.php?rest_route=\/wp\/v2\/types\/post"}],"author":[{"embeddable":true,"href":"http:\/\/www.stefanome.it\/blog\/index.php?rest_route=\/wp\/v2\/users\/1"}],"replies":[{"embeddable":true,"href":"http:\/\/www.stefanome.it\/blog\/index.php?rest_route=%2Fwp%2Fv2%2Fcomments&post=11517"}],"version-history":[{"count":7,"href":"http:\/\/www.stefanome.it\/blog\/index.php?rest_route=\/wp\/v2\/posts\/11517\/revisions"}],"predecessor-version":[{"id":11531,"href":"http:\/\/www.stefanome.it\/blog\/index.php?rest_route=\/wp\/v2\/posts\/11517\/revisions\/11531"}],"wp:attachment":[{"href":"http:\/\/www.stefanome.it\/blog\/index.php?rest_route=%2Fwp%2Fv2%2Fmedia&parent=11517"}],"wp:term":[{"taxonomy":"category","embeddable":true,"href":"http:\/\/www.stefanome.it\/blog\/index.php?rest_route=%2Fwp%2Fv2%2Fcategories&post=11517"},{"taxonomy":"post_tag","embeddable":true,"href":"http:\/\/www.stefanome.it\/blog\/index.php?rest_route=%2Fwp%2Fv2%2Ftags&post=11517"}],"curies":[{"name":"wp","href":"https:\/\/api.w.org\/{rel}","templated":true}]}}