{"id":11456,"date":"2016-04-16T08:44:19","date_gmt":"2016-04-16T07:44:19","guid":{"rendered":"http:\/\/www.stefanome.it\/blog\/?p=11456"},"modified":"2016-04-16T08:48:32","modified_gmt":"2016-04-16T07:48:32","slug":"le-q-del-parco-update","status":"publish","type":"post","link":"http:\/\/www.stefanome.it\/blog\/?p=11456","title":{"rendered":"Le Q del Parco: update."},"content":{"rendered":"<div id=\"attachment_11457\" style=\"width: 650px\" class=\"wp-caption aligncenter\"><img loading=\"lazy\" decoding=\"async\" aria-describedby=\"caption-attachment-11457\" class=\"wp-image-11457 size-full\" src=\"http:\/\/www.stefanome.it\/blog\/wp-content\/uploads\/2016\/04\/q1_1.jpg\" alt=\"q1_1\" width=\"640\" height=\"461\" srcset=\"http:\/\/www.stefanome.it\/blog\/wp-content\/uploads\/2016\/04\/q1_1.jpg 640w, http:\/\/www.stefanome.it\/blog\/wp-content\/uploads\/2016\/04\/q1_1-300x216.jpg 300w\" sizes=\"auto, (max-width: 640px) 100vw, 640px\" \/><p id=\"caption-attachment-11457\" class=\"wp-caption-text\">Q 1<\/p><\/div>\n<p>La Q1. La prima a germogliare, oggi \u00e8 la pi\u00f9 sviluppata. E&#8217; alta una trentina di centimetri, il tronco misura un paio di millimetri di diametro. Se sopravviver\u00e0 diventer\u00e0 un albero alto trenta metri. Le stesse cazzate che ho appena scritto sono attribuibili anche alle altre querce.<\/p>\n<div id=\"attachment_11458\" style=\"width: 3082px\" class=\"wp-caption aligncenter\"><img loading=\"lazy\" decoding=\"async\" aria-describedby=\"caption-attachment-11458\" class=\"wp-image-11458 size-full\" src=\"http:\/\/www.stefanome.it\/blog\/wp-content\/uploads\/2016\/04\/P1040090.jpg\" alt=\"P1040090\" width=\"3072\" height=\"2304\" srcset=\"http:\/\/www.stefanome.it\/blog\/wp-content\/uploads\/2016\/04\/P1040090.jpg 3072w, http:\/\/www.stefanome.it\/blog\/wp-content\/uploads\/2016\/04\/P1040090-300x225.jpg 300w, http:\/\/www.stefanome.it\/blog\/wp-content\/uploads\/2016\/04\/P1040090-768x576.jpg 768w, http:\/\/www.stefanome.it\/blog\/wp-content\/uploads\/2016\/04\/P1040090-1024x768.jpg 1024w\" sizes=\"auto, (max-width: 3072px) 100vw, 3072px\" \/><p id=\"caption-attachment-11458\" class=\"wp-caption-text\">Q 1<\/p><\/div>\n<div id=\"attachment_11459\" style=\"width: 650px\" class=\"wp-caption aligncenter\"><img loading=\"lazy\" decoding=\"async\" aria-describedby=\"caption-attachment-11459\" class=\"size-full wp-image-11459\" src=\"http:\/\/www.stefanome.it\/blog\/wp-content\/uploads\/2016\/04\/q2.jpg\" alt=\"Q 2\" width=\"640\" height=\"461\" srcset=\"http:\/\/www.stefanome.it\/blog\/wp-content\/uploads\/2016\/04\/q2.jpg 640w, http:\/\/www.stefanome.it\/blog\/wp-content\/uploads\/2016\/04\/q2-300x216.jpg 300w\" sizes=\"auto, (max-width: 640px) 100vw, 640px\" \/><p id=\"caption-attachment-11459\" class=\"wp-caption-text\">Q 2<\/p><\/div>\n<div id=\"attachment_11460\" style=\"width: 650px\" class=\"wp-caption aligncenter\"><img loading=\"lazy\" decoding=\"async\" aria-describedby=\"caption-attachment-11460\" class=\"size-full wp-image-11460\" src=\"http:\/\/www.stefanome.it\/blog\/wp-content\/uploads\/2016\/04\/q3.jpg\" alt=\"Q 3\" width=\"640\" height=\"461\" srcset=\"http:\/\/www.stefanome.it\/blog\/wp-content\/uploads\/2016\/04\/q3.jpg 640w, http:\/\/www.stefanome.it\/blog\/wp-content\/uploads\/2016\/04\/q3-300x216.jpg 300w\" sizes=\"auto, (max-width: 640px) 100vw, 640px\" \/><p id=\"caption-attachment-11460\" class=\"wp-caption-text\">Q 3<\/p><\/div>\n<p>La Q4 e la Q5 sono ancora ferme, spero siano vive e solo in ritardo. Ci sono diverse altre querce nostrane gi\u00e0 altre 3-4 metri che sembrano stentare la ripresa vegetativa, non capisco perch\u00e8; la posizione rispetto al sole non sembra avere un ruolo, forse la verit\u00e0 \u00e8 nascosta nelle radici, un po&#8217; il ruolo delle mutande. Certe cose non te le spieghi fino a quando non vedi i genitali. Insomma, ho detto una cazzata ma sono ancora sotto la media per cazzate\/post.<\/p>\n","protected":false},"excerpt":{"rendered":"<p>La Q1. La prima a germogliare, oggi \u00e8 la pi\u00f9 sviluppata. E&#8217; alta una trentina di centimetri, il tronco misura un paio di millimetri di diametro. Se sopravviver\u00e0 diventer\u00e0 un albero alto trenta metri. Le stesse cazzate che ho appena &hellip; <a href=\"http:\/\/www.stefanome.it\/blog\/?p=11456\">Continue reading <span class=\"meta-nav\">&rarr;<\/span><\/a><\/p>\n","protected":false},"author":1,"featured_media":0,"comment_status":"open","ping_status":"open","sticky":false,"template":"","format":"standard","meta":{"footnotes":""},"categories":[1],"tags":[],"class_list":["post-11456","post","type-post","status-publish","format-standard","hentry","category-apc"],"_links":{"self":[{"href":"http:\/\/www.stefanome.it\/blog\/index.php?rest_route=\/wp\/v2\/posts\/11456","targetHints":{"allow":["GET"]}}],"collection":[{"href":"http:\/\/www.stefanome.it\/blog\/index.php?rest_route=\/wp\/v2\/posts"}],"about":[{"href":"http:\/\/www.stefanome.it\/blog\/index.php?rest_route=\/wp\/v2\/types\/post"}],"author":[{"embeddable":true,"href":"http:\/\/www.stefanome.it\/blog\/index.php?rest_route=\/wp\/v2\/users\/1"}],"replies":[{"embeddable":true,"href":"http:\/\/www.stefanome.it\/blog\/index.php?rest_route=%2Fwp%2Fv2%2Fcomments&post=11456"}],"version-history":[{"count":3,"href":"http:\/\/www.stefanome.it\/blog\/index.php?rest_route=\/wp\/v2\/posts\/11456\/revisions"}],"predecessor-version":[{"id":11463,"href":"http:\/\/www.stefanome.it\/blog\/index.php?rest_route=\/wp\/v2\/posts\/11456\/revisions\/11463"}],"wp:attachment":[{"href":"http:\/\/www.stefanome.it\/blog\/index.php?rest_route=%2Fwp%2Fv2%2Fmedia&parent=11456"}],"wp:term":[{"taxonomy":"category","embeddable":true,"href":"http:\/\/www.stefanome.it\/blog\/index.php?rest_route=%2Fwp%2Fv2%2Fcategories&post=11456"},{"taxonomy":"post_tag","embeddable":true,"href":"http:\/\/www.stefanome.it\/blog\/index.php?rest_route=%2Fwp%2Fv2%2Ftags&post=11456"}],"curies":[{"name":"wp","href":"https:\/\/api.w.org\/{rel}","templated":true}]}}