{"id":11290,"date":"2016-03-21T16:21:13","date_gmt":"2016-03-21T15:21:13","guid":{"rendered":"http:\/\/www.stefanome.it\/blog\/?p=11290"},"modified":"2016-03-21T16:21:13","modified_gmt":"2016-03-21T15:21:13","slug":"equinozio","status":"publish","type":"post","link":"http:\/\/www.stefanome.it\/blog\/?p=11290","title":{"rendered":"Equinozio."},"content":{"rendered":"<p>A riprova che ormai io mi ripeto come un disco rotto, dico e scrivo le stesse cose senza rendermene conto, questo \u00e8 quanto <a href=\"http:\/\/www.stefanome.it\/blog\/?p=10205\" target=\"_blank\">ho gi\u00e0 scritto in un altro post.<\/a> Tuttavia mi ripeto perch\u00e8 l&#8217;argomento mi piace ed \u00e8 ricorrente, come il Natale, le crisi depressive, il mal di testa.<\/p>\n<div id=\"attachment_11294\" style=\"width: 938px\" class=\"wp-caption aligncenter\"><a href=\"http:\/\/www.stefanome.it\/blog\/wp-content\/uploads\/2016\/03\/Sole.jpg\" target=\"_blank\" rel=\"attachment wp-att-11294\"><img loading=\"lazy\" decoding=\"async\" aria-describedby=\"caption-attachment-11294\" class=\"wp-image-11294 size-full\" src=\"http:\/\/www.stefanome.it\/blog\/wp-content\/uploads\/2016\/03\/Sole.jpg\" alt=\"Sole\" width=\"928\" height=\"876\" srcset=\"http:\/\/www.stefanome.it\/blog\/wp-content\/uploads\/2016\/03\/Sole.jpg 928w, http:\/\/www.stefanome.it\/blog\/wp-content\/uploads\/2016\/03\/Sole-300x283.jpg 300w, http:\/\/www.stefanome.it\/blog\/wp-content\/uploads\/2016\/03\/Sole-768x725.jpg 768w\" sizes=\"auto, (max-width: 928px) 100vw, 928px\" \/><\/a><p id=\"caption-attachment-11294\" class=\"wp-caption-text\">Clicca<\/p><\/div>\n<p>L&#8217;equinozio credo sia stato il 20 di Marzo e non il 21 per motivi ortogonali, tricotometici, tantali. Anzi, questo sito dice che l&#8217;equinozio \u00e8 stato tra il 18 ed il 19 Marzo, ma non intendo iniziare una polemica. Nella ricostruzione si vede bene dove e come sorge il sole ed altre amenit\u00e0. In alto a destra si vede anche l&#8217;Ilva, ennesimo esempio di come bisognerebbe prendere molti dirigenti e quadri politici delle ultime 4 legislature, ambo lati, prelevarli di peso e paracadutarli in un paese serio, come la Corea del Nord.<\/p>\n","protected":false},"excerpt":{"rendered":"<p>A riprova che ormai io mi ripeto come un disco rotto, dico e scrivo le stesse cose senza rendermene conto, questo \u00e8 quanto ho gi\u00e0 scritto in un altro post. Tuttavia mi ripeto perch\u00e8 l&#8217;argomento mi piace ed \u00e8 ricorrente, &hellip; <a href=\"http:\/\/www.stefanome.it\/blog\/?p=11290\">Continue reading <span class=\"meta-nav\">&rarr;<\/span><\/a><\/p>\n","protected":false},"author":1,"featured_media":0,"comment_status":"open","ping_status":"open","sticky":false,"template":"","format":"standard","meta":{"footnotes":""},"categories":[1],"tags":[],"class_list":["post-11290","post","type-post","status-publish","format-standard","hentry","category-apc"],"_links":{"self":[{"href":"http:\/\/www.stefanome.it\/blog\/index.php?rest_route=\/wp\/v2\/posts\/11290","targetHints":{"allow":["GET"]}}],"collection":[{"href":"http:\/\/www.stefanome.it\/blog\/index.php?rest_route=\/wp\/v2\/posts"}],"about":[{"href":"http:\/\/www.stefanome.it\/blog\/index.php?rest_route=\/wp\/v2\/types\/post"}],"author":[{"embeddable":true,"href":"http:\/\/www.stefanome.it\/blog\/index.php?rest_route=\/wp\/v2\/users\/1"}],"replies":[{"embeddable":true,"href":"http:\/\/www.stefanome.it\/blog\/index.php?rest_route=%2Fwp%2Fv2%2Fcomments&post=11290"}],"version-history":[{"count":3,"href":"http:\/\/www.stefanome.it\/blog\/index.php?rest_route=\/wp\/v2\/posts\/11290\/revisions"}],"predecessor-version":[{"id":11295,"href":"http:\/\/www.stefanome.it\/blog\/index.php?rest_route=\/wp\/v2\/posts\/11290\/revisions\/11295"}],"wp:attachment":[{"href":"http:\/\/www.stefanome.it\/blog\/index.php?rest_route=%2Fwp%2Fv2%2Fmedia&parent=11290"}],"wp:term":[{"taxonomy":"category","embeddable":true,"href":"http:\/\/www.stefanome.it\/blog\/index.php?rest_route=%2Fwp%2Fv2%2Fcategories&post=11290"},{"taxonomy":"post_tag","embeddable":true,"href":"http:\/\/www.stefanome.it\/blog\/index.php?rest_route=%2Fwp%2Fv2%2Ftags&post=11290"}],"curies":[{"name":"wp","href":"https:\/\/api.w.org\/{rel}","templated":true}]}}