{"id":11270,"date":"2016-03-20T10:32:33","date_gmt":"2016-03-20T09:32:33","guid":{"rendered":"http:\/\/www.stefanome.it\/blog\/?p=11270"},"modified":"2016-03-20T10:43:38","modified_gmt":"2016-03-20T09:43:38","slug":"primavera-nella-ridente","status":"publish","type":"post","link":"http:\/\/www.stefanome.it\/blog\/?p=11270","title":{"rendered":"Primavera nella Ridente."},"content":{"rendered":"<p>Inevitabilmente arriva il post sulla primavera a Basaluzzo, con annesse foto che probabilmente sono la ripetizione di quelle degli anni precedenti.<\/p>\n<p><img loading=\"lazy\" decoding=\"async\" class=\"aligncenter size-full wp-image-11271\" src=\"http:\/\/www.stefanome.it\/blog\/wp-content\/uploads\/2016\/03\/acero.jpg\" alt=\"acero\" width=\"640\" height=\"461\" srcset=\"http:\/\/www.stefanome.it\/blog\/wp-content\/uploads\/2016\/03\/acero.jpg 640w, http:\/\/www.stefanome.it\/blog\/wp-content\/uploads\/2016\/03\/acero-300x216.jpg 300w\" sizes=\"auto, (max-width: 640px) 100vw, 640px\" \/><\/p>\n<p>Sopra: Acero con i fiori rossi, poi vengono le foglie verdi, infine le foglie diventano rosse. Ci potrebbe essere un profondo significato cromatico nel ciclo di questa pianta, ma in questo momento mi sfugge come del propano. Ed in un frase mi sono giocato un anno di vita.<\/p>\n<p><img loading=\"lazy\" decoding=\"async\" class=\"aligncenter size-full wp-image-11272\" src=\"http:\/\/www.stefanome.it\/blog\/wp-content\/uploads\/2016\/03\/antola.jpg\" alt=\"antola\" width=\"640\" height=\"461\" srcset=\"http:\/\/www.stefanome.it\/blog\/wp-content\/uploads\/2016\/03\/antola.jpg 640w, http:\/\/www.stefanome.it\/blog\/wp-content\/uploads\/2016\/03\/antola-300x216.jpg 300w\" sizes=\"auto, (max-width: 640px) 100vw, 640px\" \/><\/p>\n<p>Questo monte sull sfondo dovrebbe essere l&#8217;Antola. L&#8217;erba dei prati in pianura \u00e8 gi\u00e0 verde, gli alberi sulle colline sono ancora spogli, la neve sulle vette non si \u00e8 ancora sciolta. Bastava una didascalia &#8220;antola&#8221;, ma stamattina, complice il sole, gira cos\u00ec.<\/p>\n<div id=\"attachment_11273\" style=\"width: 1034px\" class=\"wp-caption aligncenter\"><a href=\"http:\/\/www.stefanome.it\/blog\/wp-content\/uploads\/2016\/03\/bas2_13.jpg\" target=\"_blank\"><img loading=\"lazy\" decoding=\"async\" aria-describedby=\"caption-attachment-11273\" class=\"wp-image-11273 size-full\" src=\"http:\/\/www.stefanome.it\/blog\/wp-content\/uploads\/2016\/03\/bas2_13.jpg\" alt=\"bas2_13\" width=\"1024\" height=\"768\" srcset=\"http:\/\/www.stefanome.it\/blog\/wp-content\/uploads\/2016\/03\/bas2_13.jpg 1024w, http:\/\/www.stefanome.it\/blog\/wp-content\/uploads\/2016\/03\/bas2_13-300x225.jpg 300w, http:\/\/www.stefanome.it\/blog\/wp-content\/uploads\/2016\/03\/bas2_13-768x576.jpg 768w\" sizes=\"auto, (max-width: 1024px) 100vw, 1024px\" \/><\/a><p id=\"caption-attachment-11273\" class=\"wp-caption-text\">Per un dettaglio della mia crapa con pelata, cliccare sulla foto.<\/p><\/div>\n<p>Non ho aspettato l&#8217;ora giusta per poter rimanere immortalato nella foto della webcam, sto potando drasticamente il platano che \u00e8 sicuramente morto la scorsa estate, sospetto perch\u00e8 gli ho dato troppa acqua ed \u00e8 annegato. Si nota anche la incipiente pelata che vedo solo in queste circostanze. Circa l&#8217;albero, lo sostituir\u00f2 con uno simile, ma se il mio spacciatore di alberi me ne proponesse uno speciale, accetterei il suo consiglio.<\/p>\n<p><img loading=\"lazy\" decoding=\"async\" class=\"aligncenter size-full wp-image-11274\" src=\"http:\/\/www.stefanome.it\/blog\/wp-content\/uploads\/2016\/03\/ninfee.jpg\" alt=\"ninfee\" width=\"640\" height=\"461\" srcset=\"http:\/\/www.stefanome.it\/blog\/wp-content\/uploads\/2016\/03\/ninfee.jpg 640w, http:\/\/www.stefanome.it\/blog\/wp-content\/uploads\/2016\/03\/ninfee-300x216.jpg 300w\" sizes=\"auto, (max-width: 640px) 100vw, 640px\" \/><\/p>\n<p>Le prime folgie della ninfea stanno puntando verso la superficie. Alcune palle di uova di rana aspettano sul fondo. Poi c&#8217;\u00e8 tutta una flora sommersa che ho portato involontariamente con le ninfee e che sta prendendo terreno, speriamo non sia troppo invadente.<\/p>\n<p><img loading=\"lazy\" decoding=\"async\" class=\"aligncenter size-full wp-image-11275\" src=\"http:\/\/www.stefanome.it\/blog\/wp-content\/uploads\/2016\/03\/uova.jpg\" alt=\"uova\" width=\"640\" height=\"461\" srcset=\"http:\/\/www.stefanome.it\/blog\/wp-content\/uploads\/2016\/03\/uova.jpg 640w, http:\/\/www.stefanome.it\/blog\/wp-content\/uploads\/2016\/03\/uova-300x216.jpg 300w\" sizes=\"auto, (max-width: 640px) 100vw, 640px\" \/><\/p>\n<p>Dettaglio di un conglomerato di uova di rana. In inglese Cluster, forse.<\/p>\n<p><img loading=\"lazy\" decoding=\"async\" class=\"alignleft size-full wp-image-11278\" src=\"http:\/\/www.stefanome.it\/blog\/wp-content\/uploads\/2016\/03\/scopa.jpg\" alt=\"scopa\" width=\"357\" height=\"257\" srcset=\"http:\/\/www.stefanome.it\/blog\/wp-content\/uploads\/2016\/03\/scopa.jpg 357w, http:\/\/www.stefanome.it\/blog\/wp-content\/uploads\/2016\/03\/scopa-300x216.jpg 300w\" sizes=\"auto, (max-width: 357px) 100vw, 357px\" \/><\/p>\n<p>Invece questa ennesima foto (un dettaglio) salvata dalla webcam si intitola &#8220;Finalmente si scopa&#8221;, nella fattispecie si scopano via le bucce dei semi di girasole. Mi autospendo per violazione della privacy. Mentre fecevo le foto alle uova di rana, perch\u00e8 tutti vorrebbero fare le foto alle uova di rana, si \u00e8 presentato uno dei cani dei vicini che razzolano liberamente per i prati ed i boschi. Come quasi tutti i cani, anche questo \u00e8 simpatico, affettuoso e compagnone. Gli ho fatto un po&#8217; di feste accarezzandogli la testa, poi la mia mano sapeva di burro rancido misto a materiale organico in decomposizione. Tutti i cani in qualche modo sono odorosi,\u00a0 questo si colloca nelle posizioni di testa della classifica.<\/p>\n","protected":false},"excerpt":{"rendered":"<p>Inevitabilmente arriva il post sulla primavera a Basaluzzo, con annesse foto che probabilmente sono la ripetizione di quelle degli anni precedenti. Sopra: Acero con i fiori rossi, poi vengono le foglie verdi, infine le foglie diventano rosse. Ci potrebbe essere &hellip; <a href=\"http:\/\/www.stefanome.it\/blog\/?p=11270\">Continue reading <span class=\"meta-nav\">&rarr;<\/span><\/a><\/p>\n","protected":false},"author":1,"featured_media":0,"comment_status":"open","ping_status":"open","sticky":false,"template":"","format":"standard","meta":{"footnotes":""},"categories":[1],"tags":[],"class_list":["post-11270","post","type-post","status-publish","format-standard","hentry","category-apc"],"_links":{"self":[{"href":"http:\/\/www.stefanome.it\/blog\/index.php?rest_route=\/wp\/v2\/posts\/11270","targetHints":{"allow":["GET"]}}],"collection":[{"href":"http:\/\/www.stefanome.it\/blog\/index.php?rest_route=\/wp\/v2\/posts"}],"about":[{"href":"http:\/\/www.stefanome.it\/blog\/index.php?rest_route=\/wp\/v2\/types\/post"}],"author":[{"embeddable":true,"href":"http:\/\/www.stefanome.it\/blog\/index.php?rest_route=\/wp\/v2\/users\/1"}],"replies":[{"embeddable":true,"href":"http:\/\/www.stefanome.it\/blog\/index.php?rest_route=%2Fwp%2Fv2%2Fcomments&post=11270"}],"version-history":[{"count":4,"href":"http:\/\/www.stefanome.it\/blog\/index.php?rest_route=\/wp\/v2\/posts\/11270\/revisions"}],"predecessor-version":[{"id":11280,"href":"http:\/\/www.stefanome.it\/blog\/index.php?rest_route=\/wp\/v2\/posts\/11270\/revisions\/11280"}],"wp:attachment":[{"href":"http:\/\/www.stefanome.it\/blog\/index.php?rest_route=%2Fwp%2Fv2%2Fmedia&parent=11270"}],"wp:term":[{"taxonomy":"category","embeddable":true,"href":"http:\/\/www.stefanome.it\/blog\/index.php?rest_route=%2Fwp%2Fv2%2Fcategories&post=11270"},{"taxonomy":"post_tag","embeddable":true,"href":"http:\/\/www.stefanome.it\/blog\/index.php?rest_route=%2Fwp%2Fv2%2Ftags&post=11270"}],"curies":[{"name":"wp","href":"https:\/\/api.w.org\/{rel}","templated":true}]}}