{"id":11000,"date":"2016-02-02T10:53:35","date_gmt":"2016-02-02T09:53:35","guid":{"rendered":"http:\/\/www.stefanome.it\/blog\/?p=11000"},"modified":"2016-02-02T10:53:35","modified_gmt":"2016-02-02T09:53:35","slug":"update-malfunzionamento-basacam-2","status":"publish","type":"post","link":"http:\/\/www.stefanome.it\/blog\/?p=11000","title":{"rendered":"Update malfunzionamento Basacam"},"content":{"rendered":"<p>Da ieri, Luned\u00ec verso sera, il telefono \u00e8 nuovamente funzionante, ma l&#8217;ADSL no. Ho chiamato il 187 e non senza un briciolo di fatica mi sono fatto promettere che oggi, Marted\u00ec, un tecnico sarebbe andato in centrale perch\u00e8 \u00e8 li che risiede il problema. Ma se un tecnico ha riparato il servizio voce, non poteva anche riparare il servizio dati ? Misteri; ci sar\u00e0 una spiegazione ma ho paura che sia una di quelle tecnicit\u00e0 che ti fanno sentire peggio, dunque \u00e8 meglio non sapere.<\/p>\n<p>Siamo rimasti che se domattina, Mercoled\u00ec, il servizio ADSL \u00e8 ancora interrotto, devo richiamare. Grazie del prezioso suggerimento; pensavo che il servizio sarebbe ripreso automaticamente quando i 5 pianeti si fossero nuovamente disallineati.<\/p>\n<p>Bisogna avere pazienza; se non l&#8217;avessi sarebbe un mio problema e sticazzi dati.<\/p>\n","protected":false},"excerpt":{"rendered":"<p>Da ieri, Luned\u00ec verso sera, il telefono \u00e8 nuovamente funzionante, ma l&#8217;ADSL no. Ho chiamato il 187 e non senza un briciolo di fatica mi sono fatto promettere che oggi, Marted\u00ec, un tecnico sarebbe andato in centrale perch\u00e8 \u00e8 li &hellip; <a href=\"http:\/\/www.stefanome.it\/blog\/?p=11000\">Continue reading <span class=\"meta-nav\">&rarr;<\/span><\/a><\/p>\n","protected":false},"author":1,"featured_media":0,"comment_status":"open","ping_status":"open","sticky":false,"template":"","format":"standard","meta":{"footnotes":""},"categories":[1],"tags":[],"class_list":["post-11000","post","type-post","status-publish","format-standard","hentry","category-apc"],"_links":{"self":[{"href":"http:\/\/www.stefanome.it\/blog\/index.php?rest_route=\/wp\/v2\/posts\/11000","targetHints":{"allow":["GET"]}}],"collection":[{"href":"http:\/\/www.stefanome.it\/blog\/index.php?rest_route=\/wp\/v2\/posts"}],"about":[{"href":"http:\/\/www.stefanome.it\/blog\/index.php?rest_route=\/wp\/v2\/types\/post"}],"author":[{"embeddable":true,"href":"http:\/\/www.stefanome.it\/blog\/index.php?rest_route=\/wp\/v2\/users\/1"}],"replies":[{"embeddable":true,"href":"http:\/\/www.stefanome.it\/blog\/index.php?rest_route=%2Fwp%2Fv2%2Fcomments&post=11000"}],"version-history":[{"count":1,"href":"http:\/\/www.stefanome.it\/blog\/index.php?rest_route=\/wp\/v2\/posts\/11000\/revisions"}],"predecessor-version":[{"id":11001,"href":"http:\/\/www.stefanome.it\/blog\/index.php?rest_route=\/wp\/v2\/posts\/11000\/revisions\/11001"}],"wp:attachment":[{"href":"http:\/\/www.stefanome.it\/blog\/index.php?rest_route=%2Fwp%2Fv2%2Fmedia&parent=11000"}],"wp:term":[{"taxonomy":"category","embeddable":true,"href":"http:\/\/www.stefanome.it\/blog\/index.php?rest_route=%2Fwp%2Fv2%2Fcategories&post=11000"},{"taxonomy":"post_tag","embeddable":true,"href":"http:\/\/www.stefanome.it\/blog\/index.php?rest_route=%2Fwp%2Fv2%2Ftags&post=11000"}],"curies":[{"name":"wp","href":"https:\/\/api.w.org\/{rel}","templated":true}]}}