{"id":10186,"date":"2015-09-19T05:09:30","date_gmt":"2015-09-19T04:09:30","guid":{"rendered":"http:\/\/www.stefanome.it\/blog\/?p=10186"},"modified":"2015-09-19T07:51:03","modified_gmt":"2015-09-19T06:51:03","slug":"la-lacoste-a-maniche-lunghe","status":"publish","type":"post","link":"http:\/\/www.stefanome.it\/blog\/?p=10186","title":{"rendered":"la Lacoste a maniche lunghe ed altre cose."},"content":{"rendered":"<p>Credo ne abbiano prodotte poche decine, negli anni 80 o 90. Dopo pochi mesi, visto il clamoroso insuccesso dell&#8217;articolo, le hanno ritirate dal mercato dismettendone la produzione. Prima di farsele restituire dai dettaglianti incazzati e distruggerle per non lasciare tracce, ne sono state vendute alcune copie. Due delle quali a mio padre.<\/p>\n<p>Mio padre con le Lacoste a manche lunghe era un&#8217;icona dell&#8217;indossare abbigliamento teoricamente giovanile ma invecchiato forzatamente per attirare un pubblico anziano applicando ad una maglia nata senza maniche, due improbabili maniche lunghe. Il concetto \u00e8 espresso in modo arzigogolato ma meglio di cos\u00ec non riesco a fare.<\/p>\n<p><img loading=\"lazy\" decoding=\"async\" class=\"alignleft size-full wp-image-10187\" src=\"http:\/\/www.stefanome.it\/blog\/wp-content\/uploads\/2015\/09\/Picture0001.jpg\" alt=\"Picture0001\" width=\"320\" height=\"240\" srcset=\"http:\/\/www.stefanome.it\/blog\/wp-content\/uploads\/2015\/09\/Picture0001.jpg 320w, http:\/\/www.stefanome.it\/blog\/wp-content\/uploads\/2015\/09\/Picture0001-300x225.jpg 300w\" sizes=\"auto, (max-width: 320px) 100vw, 320px\" \/><\/p>\n<p>Dopo trent&#8217;anni sto indossando la sua Lacoste a maniche lunghe. Percepisco il senso di vecchiaia che mi permea indossando questo capo. Rivedo mio padre nelle campagne astigiane che percorre il giardino di fronte a casa con la mia stessa Lacoste-a-maniche-lunghe e mi sento come lui.<\/p>\n<p>Non mi capita spesso di sentirmi come lui, ma con questa sua maglia \u00e8 come se indossassi una divisa, io sono la sua copia esatta, fuori e dentro. Tuttavia pur essendo per certi versi la fotocopia di mio padre,\u00a0 ho adottato solo met\u00e0 del suo patrimonio genetico, l&#8217;altra met\u00e0 \u00e8 di mia madre. Il problema \u00e8 che i due patrimoni genetici, espressioni di due personalit\u00e0 estremamente diverse, non si sono mischiati dando luogo ad un terzo modello autonomo. I due liquidi non si sono emulsionati, ma sono rimasti ben distinti nella mia scatola cranica dando origine ad un individuo dissociato, schizofrenico, mutevole, ciclotimico.<\/p>\n<p>Evito di scendere nei dettagli per non peggiorare un post ad altissimo contenuto di STICAZZI.<\/p>\n<p><strong>Ecco le altre cose.<\/strong><\/p>\n<div id=\"attachment_10189\" style=\"width: 1010px\" class=\"wp-caption aligncenter\"><a href=\"http:\/\/www.stefanome.it\/blog\/wp-content\/uploads\/2015\/09\/Image2.jpg\" target=\"_blank\"><img loading=\"lazy\" decoding=\"async\" aria-describedby=\"caption-attachment-10189\" class=\"wp-image-10189 size-full\" src=\"http:\/\/www.stefanome.it\/blog\/wp-content\/uploads\/2015\/09\/Image2.jpg\" alt=\"Image2\" width=\"1000\" height=\"495\" srcset=\"http:\/\/www.stefanome.it\/blog\/wp-content\/uploads\/2015\/09\/Image2.jpg 1000w, http:\/\/www.stefanome.it\/blog\/wp-content\/uploads\/2015\/09\/Image2-300x149.jpg 300w\" sizes=\"auto, (max-width: 1000px) 100vw, 1000px\" \/><\/a><p id=\"caption-attachment-10189\" class=\"wp-caption-text\">Si vede un aereo che sta per colpire le tende.<\/p><\/div>\n<div id=\"attachment_10190\" style=\"width: 1010px\" class=\"wp-caption aligncenter\"><a href=\"http:\/\/www.stefanome.it\/blog\/wp-content\/uploads\/2015\/09\/Image8.jpg\" target=\"_blank\"><img loading=\"lazy\" decoding=\"async\" aria-describedby=\"caption-attachment-10190\" class=\"wp-image-10190 size-full\" src=\"http:\/\/www.stefanome.it\/blog\/wp-content\/uploads\/2015\/09\/Image8.jpg\" alt=\"Image8\" width=\"1000\" height=\"319\" srcset=\"http:\/\/www.stefanome.it\/blog\/wp-content\/uploads\/2015\/09\/Image8.jpg 1000w, http:\/\/www.stefanome.it\/blog\/wp-content\/uploads\/2015\/09\/Image8-300x96.jpg 300w\" sizes=\"auto, (max-width: 1000px) 100vw, 1000px\" \/><\/a><p id=\"caption-attachment-10190\" class=\"wp-caption-text\">I temporali alpini verso nord-qualcosina di est.<\/p><\/div>\n<p><strong>Infine,<\/strong> le LAMMA tolgono del tutto la pioggia che GFS ancora prevede per i giorni di Mercoled\u00ec e Gioved\u00ec prossimo. Questi sono i giorni in cui i modelli ritrattano, se GFS avesse torto e LAMMA ragione, il Buco Con La Pioggia Intorno colpisce ancora.<\/p>\n<p>&nbsp;<\/p>\n","protected":false},"excerpt":{"rendered":"<p>Credo ne abbiano prodotte poche decine, negli anni 80 o 90. Dopo pochi mesi, visto il clamoroso insuccesso dell&#8217;articolo, le hanno ritirate dal mercato dismettendone la produzione. Prima di farsele restituire dai dettaglianti incazzati e distruggerle per non lasciare tracce, &hellip; <a href=\"http:\/\/www.stefanome.it\/blog\/?p=10186\">Continue reading <span class=\"meta-nav\">&rarr;<\/span><\/a><\/p>\n","protected":false},"author":1,"featured_media":0,"comment_status":"open","ping_status":"open","sticky":false,"template":"","format":"standard","meta":{"footnotes":""},"categories":[1],"tags":[],"class_list":["post-10186","post","type-post","status-publish","format-standard","hentry","category-apc"],"_links":{"self":[{"href":"http:\/\/www.stefanome.it\/blog\/index.php?rest_route=\/wp\/v2\/posts\/10186","targetHints":{"allow":["GET"]}}],"collection":[{"href":"http:\/\/www.stefanome.it\/blog\/index.php?rest_route=\/wp\/v2\/posts"}],"about":[{"href":"http:\/\/www.stefanome.it\/blog\/index.php?rest_route=\/wp\/v2\/types\/post"}],"author":[{"embeddable":true,"href":"http:\/\/www.stefanome.it\/blog\/index.php?rest_route=\/wp\/v2\/users\/1"}],"replies":[{"embeddable":true,"href":"http:\/\/www.stefanome.it\/blog\/index.php?rest_route=%2Fwp%2Fv2%2Fcomments&post=10186"}],"version-history":[{"count":4,"href":"http:\/\/www.stefanome.it\/blog\/index.php?rest_route=\/wp\/v2\/posts\/10186\/revisions"}],"predecessor-version":[{"id":10193,"href":"http:\/\/www.stefanome.it\/blog\/index.php?rest_route=\/wp\/v2\/posts\/10186\/revisions\/10193"}],"wp:attachment":[{"href":"http:\/\/www.stefanome.it\/blog\/index.php?rest_route=%2Fwp%2Fv2%2Fmedia&parent=10186"}],"wp:term":[{"taxonomy":"category","embeddable":true,"href":"http:\/\/www.stefanome.it\/blog\/index.php?rest_route=%2Fwp%2Fv2%2Fcategories&post=10186"},{"taxonomy":"post_tag","embeddable":true,"href":"http:\/\/www.stefanome.it\/blog\/index.php?rest_route=%2Fwp%2Fv2%2Ftags&post=10186"}],"curies":[{"name":"wp","href":"https:\/\/api.w.org\/{rel}","templated":true}]}}